{"id":5488,"date":"2025-06-01T07:38:16","date_gmt":"2025-06-01T06:38:16","guid":{"rendered":"https:\/\/blogsaverroes.juntadeandalucia.es\/iesjdq\/?p=5488"},"modified":"2025-06-01T07:38:49","modified_gmt":"2025-06-01T06:38:49","slug":"5488","status":"publish","type":"post","link":"https:\/\/blogsaverroes.juntadeandalucia.es\/iesjdq\/2025\/06\/01\/5488\/","title":{"rendered":"Colaboraci\u00f3n AMPA"},"content":{"rendered":"<p>El AMPA Encuentro Entre Dos Mundos y la <span class=\"x1lliihq x1plvlek xryxfnj x1n2onr6 x1ji0vk5 x18bv5gf x193iq5w xeuugli x1fj9vlw x13faqbe x1vvkbs x1s928wv xhkezso x1gmr53x x1cpjm7i x1fgarty x1943h6x x1i0vuye xvs91rp x1s688f x5n08af x10wh9bi x1wdrske x8viiok x18hxmgj\" dir=\"auto\">Asociaci\u00f3n feminista Consuelo Tamayo <\/span>han colaborado con la adecuaci\u00f3n de dos aulas para intentar conseguir una temperatura \u00f3ptima, se han instalado seis ventiladores de techo, repartidos en dos clases.<\/p>\n<p><a href=\"https:\/\/blogsaverroes.juntadeandalucia.es\/iesjdq\/files\/2025\/06\/VENTILADORES1.png\"><img loading=\"lazy\" decoding=\"async\" class=\"size-medium wp-image-5489 aligncenter\" src=\"https:\/\/blogsaverroes.juntadeandalucia.es\/iesjdq\/files\/2025\/06\/VENTILADORES1-263x300.png\" alt=\"\" width=\"263\" height=\"300\" srcset=\"https:\/\/blogsaverroes.juntadeandalucia.es\/iesjdq\/files\/2025\/06\/VENTILADORES1-263x300.png 263w, https:\/\/blogsaverroes.juntadeandalucia.es\/iesjdq\/files\/2025\/06\/VENTILADORES1.png 646w\" sizes=\"(max-width: 263px) 100vw, 263px\" \/><\/a><\/p>\n","protected":false},"excerpt":{"rendered":"<p>El AMPA Encuentro Entre Dos Mundos y la Asociaci\u00f3n feminista Consuelo Tamayo han colaborado con la adecuaci\u00f3n de dos aulas para intentar conseguir una temperatura \u00f3ptima, se han instalado seis ventiladores de techo, repartidos&#46;&#46;&#46;<\/p>\n","protected":false},"author":7835,"featured_media":5490,"comment_status":"closed","ping_status":"open","sticky":false,"template":"","format":"standard","meta":{"ngg_post_thumbnail":0,"footnotes":""},"categories":[1696],"tags":[],"aioseo_notices":[],"_links":{"self":[{"href":"https:\/\/blogsaverroes.juntadeandalucia.es\/iesjdq\/wp-json\/wp\/v2\/posts\/5488"}],"collection":[{"href":"https:\/\/blogsaverroes.juntadeandalucia.es\/iesjdq\/wp-json\/wp\/v2\/posts"}],"about":[{"href":"https:\/\/blogsaverroes.juntadeandalucia.es\/iesjdq\/wp-json\/wp\/v2\/types\/post"}],"author":[{"embeddable":true,"href":"https:\/\/blogsaverroes.juntadeandalucia.es\/iesjdq\/wp-json\/wp\/v2\/users\/7835"}],"replies":[{"embeddable":true,"href":"https:\/\/blogsaverroes.juntadeandalucia.es\/iesjdq\/wp-json\/wp\/v2\/comments?post=5488"}],"version-history":[{"count":2,"href":"https:\/\/blogsaverroes.juntadeandalucia.es\/iesjdq\/wp-json\/wp\/v2\/posts\/5488\/revisions"}],"predecessor-version":[{"id":5492,"href":"https:\/\/blogsaverroes.juntadeandalucia.es\/iesjdq\/wp-json\/wp\/v2\/posts\/5488\/revisions\/5492"}],"wp:featuredmedia":[{"embeddable":true,"href":"https:\/\/blogsaverroes.juntadeandalucia.es\/iesjdq\/wp-json\/wp\/v2\/media\/5490"}],"wp:attachment":[{"href":"https:\/\/blogsaverroes.juntadeandalucia.es\/iesjdq\/wp-json\/wp\/v2\/media?parent=5488"}],"wp:term":[{"taxonomy":"category","embeddable":true,"href":"https:\/\/blogsaverroes.juntadeandalucia.es\/iesjdq\/wp-json\/wp\/v2\/categories?post=5488"},{"taxonomy":"post_tag","embeddable":true,"href":"https:\/\/blogsaverroes.juntadeandalucia.es\/iesjdq\/wp-json\/wp\/v2\/tags?post=5488"}],"curies":[{"name":"wp","href":"https:\/\/api.w.org\/{rel}","templated":true}]}}