{"id":5513,"date":"2025-06-01T08:50:24","date_gmt":"2025-06-01T07:50:24","guid":{"rendered":"https:\/\/blogsaverroes.juntadeandalucia.es\/iesjdq\/?p=5513"},"modified":"2025-06-01T08:50:24","modified_gmt":"2025-06-01T07:50:24","slug":"visita-al-patrimonio-de-santa-fe","status":"publish","type":"post","link":"https:\/\/blogsaverroes.juntadeandalucia.es\/iesjdq\/2025\/06\/01\/visita-al-patrimonio-de-santa-fe\/","title":{"rendered":"Visita al Patrimonio de Santa Fe"},"content":{"rendered":"<p>El alumnado de Primero de Bachillerato de la materia de Patrimonio Cultural y Art\u00edstico de Andaluc\u00eda se acerca al patrimonio de Santa Fe. Contamos con un gu\u00eda excepcional, Jes\u00fas B. Ruiz, gran conocedor de la historia y el arte local gracias a sus investigaciones.<\/p>\nngg_shortcode_0_placeholder\n","protected":false},"excerpt":{"rendered":"<p>El alumnado de Primero de Bachillerato de la materia de Patrimonio Cultural y Art\u00edstico de Andaluc\u00eda se acerca al patrimonio de Santa Fe. Contamos con un gu\u00eda excepcional, Jes\u00fas B. Ruiz, gran conocedor de&#46;&#46;&#46;<\/p>\n","protected":false},"author":7835,"featured_media":5521,"comment_status":"closed","ping_status":"open","sticky":false,"template":"","format":"standard","meta":{"ngg_post_thumbnail":0,"footnotes":""},"categories":[1338820],"tags":[],"aioseo_notices":[],"_links":{"self":[{"href":"https:\/\/blogsaverroes.juntadeandalucia.es\/iesjdq\/wp-json\/wp\/v2\/posts\/5513"}],"collection":[{"href":"https:\/\/blogsaverroes.juntadeandalucia.es\/iesjdq\/wp-json\/wp\/v2\/posts"}],"about":[{"href":"https:\/\/blogsaverroes.juntadeandalucia.es\/iesjdq\/wp-json\/wp\/v2\/types\/post"}],"author":[{"embeddable":true,"href":"https:\/\/blogsaverroes.juntadeandalucia.es\/iesjdq\/wp-json\/wp\/v2\/users\/7835"}],"replies":[{"embeddable":true,"href":"https:\/\/blogsaverroes.juntadeandalucia.es\/iesjdq\/wp-json\/wp\/v2\/comments?post=5513"}],"version-history":[{"count":1,"href":"https:\/\/blogsaverroes.juntadeandalucia.es\/iesjdq\/wp-json\/wp\/v2\/posts\/5513\/revisions"}],"predecessor-version":[{"id":5522,"href":"https:\/\/blogsaverroes.juntadeandalucia.es\/iesjdq\/wp-json\/wp\/v2\/posts\/5513\/revisions\/5522"}],"wp:featuredmedia":[{"embeddable":true,"href":"https:\/\/blogsaverroes.juntadeandalucia.es\/iesjdq\/wp-json\/wp\/v2\/media\/5521"}],"wp:attachment":[{"href":"https:\/\/blogsaverroes.juntadeandalucia.es\/iesjdq\/wp-json\/wp\/v2\/media?parent=5513"}],"wp:term":[{"taxonomy":"category","embeddable":true,"href":"https:\/\/blogsaverroes.juntadeandalucia.es\/iesjdq\/wp-json\/wp\/v2\/categories?post=5513"},{"taxonomy":"post_tag","embeddable":true,"href":"https:\/\/blogsaverroes.juntadeandalucia.es\/iesjdq\/wp-json\/wp\/v2\/tags?post=5513"}],"curies":[{"name":"wp","href":"https:\/\/api.w.org\/{rel}","templated":true}]}}