{"id":5524,"date":"2025-06-01T09:00:15","date_gmt":"2025-06-01T08:00:15","guid":{"rendered":"https:\/\/blogsaverroes.juntadeandalucia.es\/iesjdq\/?p=5524"},"modified":"2025-06-04T11:12:06","modified_gmt":"2025-06-04T10:12:06","slug":"exposicion-del-alumnado-de-ies-jimenez-de-quesada","status":"publish","type":"post","link":"https:\/\/blogsaverroes.juntadeandalucia.es\/iesjdq\/2025\/06\/01\/exposicion-del-alumnado-de-ies-jimenez-de-quesada\/","title":{"rendered":"Exposici\u00f3n del alumnado de IES Jim\u00e9nez de Quesada"},"content":{"rendered":"<p><span class=\"_ap3a _aaco _aacu _aacx _aad7 _aade\" dir=\"auto\">Ya se ha inagurado la exposici\u00f3n art\u00edstica de nuestro alumnado de Pl\u00e1stica, de la mano de su profesor Juan Antonio Gnecco, al que agradecemos el gran trabajo realizado. No os la perd\u00e1is, pod\u00e9is visitarla en la <\/span>Sala de exposiciones \u00abJuan Ruiz\u00bb C\u00edrculo de la Uni\u00f3n Santa Fe.<\/p>\n<p>De 3 al 11 de junio en horario de 10:30 a 13:00 y de 17:30 a 19:30<\/p>\nngg_shortcode_0_placeholder\n","protected":false},"excerpt":{"rendered":"<p>Ya se ha inagurado la exposici\u00f3n art\u00edstica de nuestro alumnado de Pl\u00e1stica, de la mano de su profesor Juan Antonio Gnecco, al que agradecemos el gran trabajo realizado. No os la perd\u00e1is, pod\u00e9is visitarla&#46;&#46;&#46;<\/p>\n","protected":false},"author":7835,"featured_media":5525,"comment_status":"closed","ping_status":"open","sticky":false,"template":"","format":"standard","meta":{"ngg_post_thumbnail":0,"footnotes":""},"categories":[1338819],"tags":[],"aioseo_notices":[],"_links":{"self":[{"href":"https:\/\/blogsaverroes.juntadeandalucia.es\/iesjdq\/wp-json\/wp\/v2\/posts\/5524"}],"collection":[{"href":"https:\/\/blogsaverroes.juntadeandalucia.es\/iesjdq\/wp-json\/wp\/v2\/posts"}],"about":[{"href":"https:\/\/blogsaverroes.juntadeandalucia.es\/iesjdq\/wp-json\/wp\/v2\/types\/post"}],"author":[{"embeddable":true,"href":"https:\/\/blogsaverroes.juntadeandalucia.es\/iesjdq\/wp-json\/wp\/v2\/users\/7835"}],"replies":[{"embeddable":true,"href":"https:\/\/blogsaverroes.juntadeandalucia.es\/iesjdq\/wp-json\/wp\/v2\/comments?post=5524"}],"version-history":[{"count":4,"href":"https:\/\/blogsaverroes.juntadeandalucia.es\/iesjdq\/wp-json\/wp\/v2\/posts\/5524\/revisions"}],"predecessor-version":[{"id":5553,"href":"https:\/\/blogsaverroes.juntadeandalucia.es\/iesjdq\/wp-json\/wp\/v2\/posts\/5524\/revisions\/5553"}],"wp:featuredmedia":[{"embeddable":true,"href":"https:\/\/blogsaverroes.juntadeandalucia.es\/iesjdq\/wp-json\/wp\/v2\/media\/5525"}],"wp:attachment":[{"href":"https:\/\/blogsaverroes.juntadeandalucia.es\/iesjdq\/wp-json\/wp\/v2\/media?parent=5524"}],"wp:term":[{"taxonomy":"category","embeddable":true,"href":"https:\/\/blogsaverroes.juntadeandalucia.es\/iesjdq\/wp-json\/wp\/v2\/categories?post=5524"},{"taxonomy":"post_tag","embeddable":true,"href":"https:\/\/blogsaverroes.juntadeandalucia.es\/iesjdq\/wp-json\/wp\/v2\/tags?post=5524"}],"curies":[{"name":"wp","href":"https:\/\/api.w.org\/{rel}","templated":true}]}}