{"id":5739,"date":"2025-12-08T18:14:24","date_gmt":"2025-12-08T17:14:24","guid":{"rendered":"https:\/\/blogsaverroes.juntadeandalucia.es\/iesjdq\/?p=5739"},"modified":"2025-12-08T19:17:25","modified_gmt":"2025-12-08T18:17:25","slug":"centro-hermanas-hospitalarias-la-purisima-concepcion","status":"publish","type":"post","link":"https:\/\/blogsaverroes.juntadeandalucia.es\/iesjdq\/2025\/12\/08\/centro-hermanas-hospitalarias-la-purisima-concepcion\/","title":{"rendered":"Centro Hermanas Hospitalarias la Pur\u00edsima Concepci\u00f3n"},"content":{"rendered":"<p>&nbsp;Nuestro alumnado de segundo curso de Integraci\u00f3n Social visita el centro de las Hermanas Hospitalarias la Pur\u00edsima Concepci\u00f3n. Un centro con unas instalaciones formidables.<\/p>\n<p><a href=\"https:\/\/blogsaverroes.juntadeandalucia.es\/iesjdq\/files\/2025\/12\/HemanasHopitalariasPurisimaConcepcion.png\"><img loading=\"lazy\" decoding=\"async\" class=\"size-medium wp-image-5740 aligncenter\" src=\"https:\/\/blogsaverroes.juntadeandalucia.es\/iesjdq\/files\/2025\/12\/HemanasHopitalariasPurisimaConcepcion-300x185.png\" alt=\"\" width=\"300\" height=\"185\" srcset=\"https:\/\/blogsaverroes.juntadeandalucia.es\/iesjdq\/files\/2025\/12\/HemanasHopitalariasPurisimaConcepcion-300x185.png 300w, https:\/\/blogsaverroes.juntadeandalucia.es\/iesjdq\/files\/2025\/12\/HemanasHopitalariasPurisimaConcepcion-768x475.png 768w, https:\/\/blogsaverroes.juntadeandalucia.es\/iesjdq\/files\/2025\/12\/HemanasHopitalariasPurisimaConcepcion.png 872w\" sizes=\"(max-width: 300px) 100vw, 300px\" \/><\/a><\/p>\n","protected":false},"excerpt":{"rendered":"<p>&nbsp;Nuestro alumnado de segundo curso de Integraci\u00f3n Social visita el centro de las Hermanas Hospitalarias la Pur\u00edsima Concepci\u00f3n. Un centro con unas instalaciones formidables.<\/p>\n","protected":false},"author":7835,"featured_media":5740,"comment_status":"closed","ping_status":"open","sticky":false,"template":"","format":"standard","meta":{"ngg_post_thumbnail":0,"footnotes":""},"categories":[1338832],"tags":[],"aioseo_notices":[],"_links":{"self":[{"href":"https:\/\/blogsaverroes.juntadeandalucia.es\/iesjdq\/wp-json\/wp\/v2\/posts\/5739"}],"collection":[{"href":"https:\/\/blogsaverroes.juntadeandalucia.es\/iesjdq\/wp-json\/wp\/v2\/posts"}],"about":[{"href":"https:\/\/blogsaverroes.juntadeandalucia.es\/iesjdq\/wp-json\/wp\/v2\/types\/post"}],"author":[{"embeddable":true,"href":"https:\/\/blogsaverroes.juntadeandalucia.es\/iesjdq\/wp-json\/wp\/v2\/users\/7835"}],"replies":[{"embeddable":true,"href":"https:\/\/blogsaverroes.juntadeandalucia.es\/iesjdq\/wp-json\/wp\/v2\/comments?post=5739"}],"version-history":[{"count":1,"href":"https:\/\/blogsaverroes.juntadeandalucia.es\/iesjdq\/wp-json\/wp\/v2\/posts\/5739\/revisions"}],"predecessor-version":[{"id":5741,"href":"https:\/\/blogsaverroes.juntadeandalucia.es\/iesjdq\/wp-json\/wp\/v2\/posts\/5739\/revisions\/5741"}],"wp:featuredmedia":[{"embeddable":true,"href":"https:\/\/blogsaverroes.juntadeandalucia.es\/iesjdq\/wp-json\/wp\/v2\/media\/5740"}],"wp:attachment":[{"href":"https:\/\/blogsaverroes.juntadeandalucia.es\/iesjdq\/wp-json\/wp\/v2\/media?parent=5739"}],"wp:term":[{"taxonomy":"category","embeddable":true,"href":"https:\/\/blogsaverroes.juntadeandalucia.es\/iesjdq\/wp-json\/wp\/v2\/categories?post=5739"},{"taxonomy":"post_tag","embeddable":true,"href":"https:\/\/blogsaverroes.juntadeandalucia.es\/iesjdq\/wp-json\/wp\/v2\/tags?post=5739"}],"curies":[{"name":"wp","href":"https:\/\/api.w.org\/{rel}","templated":true}]}}