{"id":5753,"date":"2025-12-08T18:41:39","date_gmt":"2025-12-08T17:41:39","guid":{"rendered":"https:\/\/blogsaverroes.juntadeandalucia.es\/iesjdq\/?p=5753"},"modified":"2025-12-08T19:15:25","modified_gmt":"2025-12-08T18:15:25","slug":"dia-internacional-contra-la-violencia-de-genero","status":"publish","type":"post","link":"https:\/\/blogsaverroes.juntadeandalucia.es\/iesjdq\/2025\/12\/08\/dia-internacional-contra-la-violencia-de-genero\/","title":{"rendered":"D\u00eda Internacional contra la Violencia de G\u00e9nero"},"content":{"rendered":"<p style=\"padding-left: 40px\">El 25 de noviembre de 2025 conmemoramos el D\u00eda Internacional contra la Violencia de G\u00e9nero. El IES Jim\u00e9nez de Quesada se une a los actos del \u00c1rea de Igualdad del @ayuntamientodesantafe Marchamos por la erradicaci\u00f3n de la VIOLENCIA MACHISTA en todas sus facetas. Gracias a todas las personas que han colaborado y trabajado tan duro para hacerlo posible.<\/p>\nngg_shortcode_0_placeholder\n","protected":false},"excerpt":{"rendered":"<p>El 25 de noviembre de 2025 conmemoramos el D\u00eda Internacional contra la Violencia de G\u00e9nero. El IES Jim\u00e9nez de Quesada se une a los actos del \u00c1rea de Igualdad del @ayuntamientodesantafe Marchamos por la&#46;&#46;&#46;<\/p>\n","protected":false},"author":7835,"featured_media":5791,"comment_status":"closed","ping_status":"open","sticky":false,"template":"","format":"standard","meta":{"ngg_post_thumbnail":0,"footnotes":""},"categories":[321179],"tags":[],"aioseo_notices":[],"_links":{"self":[{"href":"https:\/\/blogsaverroes.juntadeandalucia.es\/iesjdq\/wp-json\/wp\/v2\/posts\/5753"}],"collection":[{"href":"https:\/\/blogsaverroes.juntadeandalucia.es\/iesjdq\/wp-json\/wp\/v2\/posts"}],"about":[{"href":"https:\/\/blogsaverroes.juntadeandalucia.es\/iesjdq\/wp-json\/wp\/v2\/types\/post"}],"author":[{"embeddable":true,"href":"https:\/\/blogsaverroes.juntadeandalucia.es\/iesjdq\/wp-json\/wp\/v2\/users\/7835"}],"replies":[{"embeddable":true,"href":"https:\/\/blogsaverroes.juntadeandalucia.es\/iesjdq\/wp-json\/wp\/v2\/comments?post=5753"}],"version-history":[{"count":1,"href":"https:\/\/blogsaverroes.juntadeandalucia.es\/iesjdq\/wp-json\/wp\/v2\/posts\/5753\/revisions"}],"predecessor-version":[{"id":5760,"href":"https:\/\/blogsaverroes.juntadeandalucia.es\/iesjdq\/wp-json\/wp\/v2\/posts\/5753\/revisions\/5760"}],"wp:featuredmedia":[{"embeddable":true,"href":"https:\/\/blogsaverroes.juntadeandalucia.es\/iesjdq\/wp-json\/wp\/v2\/media\/5791"}],"wp:attachment":[{"href":"https:\/\/blogsaverroes.juntadeandalucia.es\/iesjdq\/wp-json\/wp\/v2\/media?parent=5753"}],"wp:term":[{"taxonomy":"category","embeddable":true,"href":"https:\/\/blogsaverroes.juntadeandalucia.es\/iesjdq\/wp-json\/wp\/v2\/categories?post=5753"},{"taxonomy":"post_tag","embeddable":true,"href":"https:\/\/blogsaverroes.juntadeandalucia.es\/iesjdq\/wp-json\/wp\/v2\/tags?post=5753"}],"curies":[{"name":"wp","href":"https:\/\/api.w.org\/{rel}","templated":true}]}}