{"id":5846,"date":"2026-04-08T13:34:25","date_gmt":"2026-04-08T12:34:25","guid":{"rendered":"https:\/\/blogsaverroes.juntadeandalucia.es\/iesjdq\/?p=5846"},"modified":"2026-04-08T13:34:25","modified_gmt":"2026-04-08T12:34:25","slug":"dia-de-la-paz-2026","status":"publish","type":"post","link":"https:\/\/blogsaverroes.juntadeandalucia.es\/iesjdq\/2026\/04\/08\/dia-de-la-paz-2026\/","title":{"rendered":"D\u00eda de la Paz 2026"},"content":{"rendered":"<p>Celebramos el D\u00eda de la Paz en Comunidad, invitando desde el Instituto y el Departamento de Servicios Socioculturales y a la Comunidad a los Colegios de nuestro entorno, CEIP Capitulaciones y CEIP Reyes Cat\u00f3licos y al Grupo de Poes\u00eda de la Biblioteca P\u00fablica de Santa Fe.<br \/>\nEl alumnado de 1\u2070 de Educaci\u00f3n Infantil ha preparado diferentes t\u00e9cnicas para contar Cuentos en colaboraci\u00f3n con la ONG Movimiento por la Paz.<\/p>\nngg_shortcode_0_placeholder\n","protected":false},"excerpt":{"rendered":"<p>Celebramos el D\u00eda de la Paz en Comunidad, invitando desde el Instituto y el Departamento de Servicios Socioculturales y a la Comunidad a los Colegios de nuestro entorno, CEIP Capitulaciones y CEIP Reyes Cat\u00f3licos&#46;&#46;&#46;<\/p>\n","protected":false},"author":7835,"featured_media":5855,"comment_status":"closed","ping_status":"open","sticky":false,"template":"","format":"standard","meta":{"ngg_post_thumbnail":0,"footnotes":""},"categories":[1338832],"tags":[],"aioseo_notices":[],"_links":{"self":[{"href":"https:\/\/blogsaverroes.juntadeandalucia.es\/iesjdq\/wp-json\/wp\/v2\/posts\/5846"}],"collection":[{"href":"https:\/\/blogsaverroes.juntadeandalucia.es\/iesjdq\/wp-json\/wp\/v2\/posts"}],"about":[{"href":"https:\/\/blogsaverroes.juntadeandalucia.es\/iesjdq\/wp-json\/wp\/v2\/types\/post"}],"author":[{"embeddable":true,"href":"https:\/\/blogsaverroes.juntadeandalucia.es\/iesjdq\/wp-json\/wp\/v2\/users\/7835"}],"replies":[{"embeddable":true,"href":"https:\/\/blogsaverroes.juntadeandalucia.es\/iesjdq\/wp-json\/wp\/v2\/comments?post=5846"}],"version-history":[{"count":1,"href":"https:\/\/blogsaverroes.juntadeandalucia.es\/iesjdq\/wp-json\/wp\/v2\/posts\/5846\/revisions"}],"predecessor-version":[{"id":5856,"href":"https:\/\/blogsaverroes.juntadeandalucia.es\/iesjdq\/wp-json\/wp\/v2\/posts\/5846\/revisions\/5856"}],"wp:featuredmedia":[{"embeddable":true,"href":"https:\/\/blogsaverroes.juntadeandalucia.es\/iesjdq\/wp-json\/wp\/v2\/media\/5855"}],"wp:attachment":[{"href":"https:\/\/blogsaverroes.juntadeandalucia.es\/iesjdq\/wp-json\/wp\/v2\/media?parent=5846"}],"wp:term":[{"taxonomy":"category","embeddable":true,"href":"https:\/\/blogsaverroes.juntadeandalucia.es\/iesjdq\/wp-json\/wp\/v2\/categories?post=5846"},{"taxonomy":"post_tag","embeddable":true,"href":"https:\/\/blogsaverroes.juntadeandalucia.es\/iesjdq\/wp-json\/wp\/v2\/tags?post=5846"}],"curies":[{"name":"wp","href":"https:\/\/api.w.org\/{rel}","templated":true}]}}