{"id":641,"date":"2025-02-18T10:08:25","date_gmt":"2025-02-18T10:08:25","guid":{"rendered":"https:\/\/blogsaverroes.juntadeandalucia.es\/iesjoaquinlobato\/?p=641"},"modified":"2025-02-18T19:03:13","modified_gmt":"2025-02-18T19:03:13","slug":"28f-dia-de-andalucia","status":"publish","type":"post","link":"https:\/\/blogsaverroes.juntadeandalucia.es\/iesjoaquinlobato\/2025\/02\/18\/28f-dia-de-andalucia\/","title":{"rendered":"28F D\u00eda de Andaluc\u00eda"},"content":{"rendered":"<p><img loading=\"lazy\" decoding=\"async\" class=\"alignleft size-full wp-image-643\" src=\"https:\/\/blogsaverroes.juntadeandalucia.es\/iesjoaquinlobato\/files\/2023\/02\/diaandalucia.png\" alt=\"\" width=\"232\" height=\"228\" srcset=\"https:\/\/blogsaverroes.juntadeandalucia.es\/iesjoaquinlobato\/files\/2023\/02\/diaandalucia.png 232w, https:\/\/blogsaverroes.juntadeandalucia.es\/iesjoaquinlobato\/files\/2023\/02\/diaandalucia-80x80.png 80w\" sizes=\"(max-width: 232px) 100vw, 232px\" \/><\/p>\n<h3 class=\"font-sans text-body-small break-words text-light-text-200 mt-0.5\" data-cy=\"surfaceDescription\"><span style=\"font-size: 14pt\">Para conmemorar el D\u00eda de Andaluc\u00eda hemos realizado un muro con informaci\u00f3n de nuestra Comunidad. Queremos difundir la cultura y la historia de Andaluc\u00eda a trav\u00e9s de estas rese\u00f1as.<\/span><\/h3>\n<p><a href=\"https:\/\/www.juntadeandalucia.es\/educacion\/portals\/delegate\/content\/66fda6fd-837c-4a16-83df-30f3909d8368\/Recursos%20D%C3%ADa%20de%20Andaluc%C3%ADa%202024\" target=\"_blank\" rel=\"noopener\"><strong>Recursos para trabajar el proceso auton\u00f3mico y el Estatuto de Autonom\u00eda con motivo del D\u00eda de Andaluc\u00eda.<\/strong><\/a><\/p>\n<p>1. Recursos para el conocimiento del proceso auton\u00f3mico y la transici\u00f3n en Andaluc\u00eda.<br \/>\n2. Recursos con amplia y diversa informaci\u00f3n y actividades did\u00e1cticas sobre el Estatuto de Autonom\u00eda de Andaluc\u00eda.<br \/>\n3. El Estatuto de Autonom\u00eda de Andaluc\u00eda adaptado al alumnado.<br \/>\n4. Otros recursos para profundizar.<\/p>\n<p>1. Recursos para el conocimiento del proceso auton\u00f3mico y la transici\u00f3n en Andaluc\u00eda.<\/p>\n<p>1.1. Webs o plataformas institucionales de referencia<\/p>\n<p>&#8211; Fundaci\u00f3n Centro de Estudios Andaluces. <strong><a href=\"https:\/\/www.museodelaautonomia.es\/\" target=\"_blank\" rel=\"noopener noreferrer\">Museo de la Autonom\u00eda de Andaluc\u00eda<\/a><\/strong> A trav\u00e9s de sus distintas secciones se podr\u00e1 conocer los diferentes hitos del<strong><a href=\"https:\/\/www.museodelaautonomia.es\/autonomia#tag-28f\" target=\"_blank\" rel=\"noopener noreferrer\"> proceso<\/a> auton\u00f3mico durante la Transici\u00f3n<\/strong> as\u00ed como los <a href=\"https:\/\/www.museodelaautonomia.es\/autonomia#tag-coleccion-28f\" target=\"_blank\" rel=\"noopener noreferrer\"><strong>s\u00edmbolos y su historia<\/strong><\/a>. El Museo de la Autonom\u00eda de Andaluc\u00eda pone a disposici\u00f3n de todos los centros educativos de Andaluc\u00eda un <a href=\"https:\/\/www.museodelaautonomia.es\/plan-didactico\" target=\"_blank\" rel=\"noopener noreferrer\"><strong>Plan did\u00e1ctico<\/strong><\/a> adaptado a los diferentes niveles: Educaci\u00f3n Infantil, Educaci\u00f3n Primaria, Educaci\u00f3n Secundaria Obligatoria, Bachillerato y Educaci\u00f3n para personas adultas.<\/p>\n<p><strong><a href=\"https:\/\/blogsaverroes.juntadeandalucia.es\/iesjoaquinlobato\/files\/2023\/02\/Recursos-D\u00eda-de-Andaluc\u00eda.pdf\" target=\"_blank\" rel=\"noopener noreferrer\">M\u00e1s recursos&#8230;<\/a><\/strong><\/p>\n","protected":false},"excerpt":{"rendered":"<p>Para conmemorar el D\u00eda de Andaluc\u00eda hemos realizado un muro con informaci\u00f3n de nuestra Comunidad. Queremos difundir la cultura y la historia de Andaluc\u00eda a trav\u00e9s de estas rese\u00f1as. Recursos para trabajar el proceso&#46;&#46;&#46;<\/p>\n","protected":false},"author":11592,"featured_media":643,"comment_status":"closed","ping_status":"closed","sticky":false,"template":"","format":"standard","meta":{"ngg_post_thumbnail":0,"footnotes":""},"categories":[5],"tags":[],"aioseo_notices":[],"_links":{"self":[{"href":"https:\/\/blogsaverroes.juntadeandalucia.es\/iesjoaquinlobato\/wp-json\/wp\/v2\/posts\/641"}],"collection":[{"href":"https:\/\/blogsaverroes.juntadeandalucia.es\/iesjoaquinlobato\/wp-json\/wp\/v2\/posts"}],"about":[{"href":"https:\/\/blogsaverroes.juntadeandalucia.es\/iesjoaquinlobato\/wp-json\/wp\/v2\/types\/post"}],"author":[{"embeddable":true,"href":"https:\/\/blogsaverroes.juntadeandalucia.es\/iesjoaquinlobato\/wp-json\/wp\/v2\/users\/11592"}],"replies":[{"embeddable":true,"href":"https:\/\/blogsaverroes.juntadeandalucia.es\/iesjoaquinlobato\/wp-json\/wp\/v2\/comments?post=641"}],"version-history":[{"count":12,"href":"https:\/\/blogsaverroes.juntadeandalucia.es\/iesjoaquinlobato\/wp-json\/wp\/v2\/posts\/641\/revisions"}],"predecessor-version":[{"id":850,"href":"https:\/\/blogsaverroes.juntadeandalucia.es\/iesjoaquinlobato\/wp-json\/wp\/v2\/posts\/641\/revisions\/850"}],"wp:featuredmedia":[{"embeddable":true,"href":"https:\/\/blogsaverroes.juntadeandalucia.es\/iesjoaquinlobato\/wp-json\/wp\/v2\/media\/643"}],"wp:attachment":[{"href":"https:\/\/blogsaverroes.juntadeandalucia.es\/iesjoaquinlobato\/wp-json\/wp\/v2\/media?parent=641"}],"wp:term":[{"taxonomy":"category","embeddable":true,"href":"https:\/\/blogsaverroes.juntadeandalucia.es\/iesjoaquinlobato\/wp-json\/wp\/v2\/categories?post=641"},{"taxonomy":"post_tag","embeddable":true,"href":"https:\/\/blogsaverroes.juntadeandalucia.es\/iesjoaquinlobato\/wp-json\/wp\/v2\/tags?post=641"}],"curies":[{"name":"wp","href":"https:\/\/api.w.org\/{rel}","templated":true}]}}