{"id":863,"date":"2025-03-11T11:02:03","date_gmt":"2025-03-11T11:02:03","guid":{"rendered":"https:\/\/blogsaverroes.juntadeandalucia.es\/iesjoaquinlobato\/?p=863"},"modified":"2025-03-11T11:02:03","modified_gmt":"2025-03-11T11:02:03","slug":"exito-olimpico-en-matematicas-en-el-i-e-s-joaquin-lobato","status":"publish","type":"post","link":"https:\/\/blogsaverroes.juntadeandalucia.es\/iesjoaquinlobato\/2025\/03\/11\/exito-olimpico-en-matematicas-en-el-i-e-s-joaquin-lobato\/","title":{"rendered":"\u00c9xito ol\u00edmpico en matem\u00e1ticas en el I.E.S. Joaqu\u00edn Lobato"},"content":{"rendered":"<p><strong>Adri\u00e1n Esca\u00f1o Santos, alumno de 4\u00ba curso, premiado en la Fase Provincial de la III Olimpiada Juvenil SAEM THALES.<\/strong><\/p>\n<p>El<a href=\"https:\/\/www.facebook.com\/profile.php?id=100057598773260\">&nbsp;IES Joaqu\u00edn Lobato<\/a>&nbsp;vuelve a ser noticia por aparecer en las listas de<strong>&nbsp;seleccionados de la Fase Provincial de la III Olimpiada Juvenil SAEM THALES<\/strong>, de 4\u00ba curso, celebrada el pasado 7 de febrero, y en la LXI Olimpiada Matem\u00e1tica Espa\u00f1ola, de Bachillerato.<\/p>\n<p><img loading=\"lazy\" decoding=\"async\" class=\"alignleft wp-image-861\" src=\"https:\/\/blogsaverroes.juntadeandalucia.es\/iesjoaquinlobato\/files\/2025\/03\/Adrian.jpg\" alt=\"\" width=\"307\" height=\"362\" srcset=\"https:\/\/blogsaverroes.juntadeandalucia.es\/iesjoaquinlobato\/files\/2025\/03\/Adrian.jpg 719w, https:\/\/blogsaverroes.juntadeandalucia.es\/iesjoaquinlobato\/files\/2025\/03\/Adrian-254x300.jpg 254w\" sizes=\"(max-width: 307px) 100vw, 307px\" \/><\/p>\n<p><strong>Adri\u00e1n Esca\u00f1o Santos, alumno de 4\u00ba<\/strong>&nbsp;curso, han sido&nbsp;<strong>premiado en la Fase Provincial de la III Olimpiada Juvenil SAEM THALES.<\/strong>&nbsp;Por otro lado,&nbsp;<strong>Santino Ruiz de Huidobro&nbsp;<\/strong>&nbsp;ha sido&nbsp;<strong>seleccionado en la FASE LOCAL de la LXI OME Olimpiada Matem\u00e1tica Espa\u00f1ola<\/strong> (2025), celebrado en pasado 17 de enero. Santino fue hasta hace dos a\u00f1os estudiante del Lobato, donde se imparte s\u00f3lo hasta 4\u00ba de la ESO, ahora cursa Bachillerato en el IES Mar\u00eda Zambrano de la misma localidad.<\/p>\n<p>Este a\u00f1o el departamento de matem\u00e1ticas no oculta su j\u00fabilo por estos premios y por los resultados de los Cert\u00e1menes Estad\u00edsticos Europeos, que tambi\u00e9n fueron muy halag\u00fce\u00f1os: hasta 7 grupos de los 9 seleccionados en M\u00e1laga correspond\u00edan a estudiantes del centro torre\u00f1o.<\/p>\n<p>Estos reconocimientos completan todos los premios existentes en la actualidad del \u00e1mbito del saber matem\u00e1tico: en marzo de 2022, Carla Rubio Gimeno se clasific\u00f3 en las Olimpiadas Matem\u00e1ticas Saem Thales de 2\u00ba de la ESO, completando la trilog\u00eda en todos los cert\u00e1menes matem\u00e1ticos existentes en la actualidad.<\/p>\n<p>Estas noticias ponen de manifiesto la buena salud del departamento de matem\u00e1ticas del centro, de la pasi\u00f3n de sus estudiantes por las ciencias y del buen hacer de todo el claustro de profesores que hacen posible que este sue\u00f1o se haga realidad.<\/p>\n","protected":false},"excerpt":{"rendered":"<p>Adri\u00e1n Esca\u00f1o Santos, alumno de 4\u00ba curso, premiado en la Fase Provincial de la III Olimpiada Juvenil SAEM THALES. El&nbsp;IES Joaqu\u00edn Lobato&nbsp;vuelve a ser noticia por aparecer en las listas de&nbsp;seleccionados de la Fase&#46;&#46;&#46;<\/p>\n","protected":false},"author":11592,"featured_media":862,"comment_status":"closed","ping_status":"closed","sticky":false,"template":"","format":"standard","meta":{"ngg_post_thumbnail":0,"footnotes":""},"categories":[16],"tags":[],"aioseo_notices":[],"_links":{"self":[{"href":"https:\/\/blogsaverroes.juntadeandalucia.es\/iesjoaquinlobato\/wp-json\/wp\/v2\/posts\/863"}],"collection":[{"href":"https:\/\/blogsaverroes.juntadeandalucia.es\/iesjoaquinlobato\/wp-json\/wp\/v2\/posts"}],"about":[{"href":"https:\/\/blogsaverroes.juntadeandalucia.es\/iesjoaquinlobato\/wp-json\/wp\/v2\/types\/post"}],"author":[{"embeddable":true,"href":"https:\/\/blogsaverroes.juntadeandalucia.es\/iesjoaquinlobato\/wp-json\/wp\/v2\/users\/11592"}],"replies":[{"embeddable":true,"href":"https:\/\/blogsaverroes.juntadeandalucia.es\/iesjoaquinlobato\/wp-json\/wp\/v2\/comments?post=863"}],"version-history":[{"count":3,"href":"https:\/\/blogsaverroes.juntadeandalucia.es\/iesjoaquinlobato\/wp-json\/wp\/v2\/posts\/863\/revisions"}],"predecessor-version":[{"id":866,"href":"https:\/\/blogsaverroes.juntadeandalucia.es\/iesjoaquinlobato\/wp-json\/wp\/v2\/posts\/863\/revisions\/866"}],"wp:featuredmedia":[{"embeddable":true,"href":"https:\/\/blogsaverroes.juntadeandalucia.es\/iesjoaquinlobato\/wp-json\/wp\/v2\/media\/862"}],"wp:attachment":[{"href":"https:\/\/blogsaverroes.juntadeandalucia.es\/iesjoaquinlobato\/wp-json\/wp\/v2\/media?parent=863"}],"wp:term":[{"taxonomy":"category","embeddable":true,"href":"https:\/\/blogsaverroes.juntadeandalucia.es\/iesjoaquinlobato\/wp-json\/wp\/v2\/categories?post=863"},{"taxonomy":"post_tag","embeddable":true,"href":"https:\/\/blogsaverroes.juntadeandalucia.es\/iesjoaquinlobato\/wp-json\/wp\/v2\/tags?post=863"}],"curies":[{"name":"wp","href":"https:\/\/api.w.org\/{rel}","templated":true}]}}