{"id":2479,"date":"2016-03-10T18:45:45","date_gmt":"2016-03-10T18:45:45","guid":{"rendered":"http:\/\/blogsaverroes.juntadeandalucia.es\/iesjosedemora\/?p=2479"},"modified":"2019-04-02T10:26:11","modified_gmt":"2019-04-02T10:26:11","slug":"iii-semana-de-la-ciencia-en-el-ies-jose-de-mora","status":"publish","type":"post","link":"https:\/\/blogsaverroes.juntadeandalucia.es\/iesjosedemora\/2016\/03\/10\/iii-semana-de-la-ciencia-en-el-ies-jose-de-mora\/","title":{"rendered":"III Semana de la Ciencia en el IES Jos\u00e9 de Mora"},"content":{"rendered":"<p>La primera semana de marzo de este a\u00f1o 2016 se ha celebrado la III semana de la ciencia. El programa incluy\u00f3 diversas conferencias a cargo de D. Luis Ruiz Rodr\u00edguez, de D. Ricardo Ibarra Ma\u00f1as, y de D. Bienvenido Mart\u00ednez Navarro.<\/p>\n<p>Los departamentos de las \u00e1reas cient\u00edfico-tecnol\u00f3gicas prepararon una serie de actividades y experiencias para sorprender e instruir a los visitantes.<\/p>\n<p><a href=\"http:\/\/blogsaverroes.juntadeandalucia.es\/iesjosedemora\/files\/2016\/04\/ciencia5.jpg\"><img fetchpriority=\"high\" decoding=\"async\" class=\"alignnone size-medium wp-image-2480\" src=\"http:\/\/blogsaverroes.juntadeandalucia.es\/iesjosedemora\/files\/2016\/04\/ciencia5-300x169.jpg\" alt=\"ciencia5\" width=\"300\" height=\"169\" srcset=\"https:\/\/blogsaverroes.juntadeandalucia.es\/iesjosedemora\/files\/2016\/04\/ciencia5-300x169.jpg 300w, https:\/\/blogsaverroes.juntadeandalucia.es\/iesjosedemora\/files\/2016\/04\/ciencia5.jpg 960w\" sizes=\"(max-width: 300px) 100vw, 300px\" \/><\/a> <a href=\"http:\/\/blogsaverroes.juntadeandalucia.es\/iesjosedemora\/files\/2016\/04\/ciencia4.jpg\"><img decoding=\"async\" class=\"alignnone size-medium wp-image-2481\" src=\"http:\/\/blogsaverroes.juntadeandalucia.es\/iesjosedemora\/files\/2016\/04\/ciencia4-300x169.jpg\" alt=\"ciencia4\" width=\"300\" height=\"169\" srcset=\"https:\/\/blogsaverroes.juntadeandalucia.es\/iesjosedemora\/files\/2016\/04\/ciencia4-300x169.jpg 300w, https:\/\/blogsaverroes.juntadeandalucia.es\/iesjosedemora\/files\/2016\/04\/ciencia4.jpg 960w\" sizes=\"(max-width: 300px) 100vw, 300px\" \/><\/a> <a href=\"http:\/\/blogsaverroes.juntadeandalucia.es\/iesjosedemora\/files\/2016\/04\/ciencia3.jpg\"><img decoding=\"async\" class=\"alignnone size-medium wp-image-2482\" src=\"http:\/\/blogsaverroes.juntadeandalucia.es\/iesjosedemora\/files\/2016\/04\/ciencia3-300x169.jpg\" alt=\"ciencia3\" width=\"300\" height=\"169\" srcset=\"https:\/\/blogsaverroes.juntadeandalucia.es\/iesjosedemora\/files\/2016\/04\/ciencia3-300x169.jpg 300w, https:\/\/blogsaverroes.juntadeandalucia.es\/iesjosedemora\/files\/2016\/04\/ciencia3.jpg 960w\" sizes=\"(max-width: 300px) 100vw, 300px\" \/><\/a> <a href=\"http:\/\/blogsaverroes.juntadeandalucia.es\/iesjosedemora\/files\/2016\/04\/ciencia2.jpg\"><img loading=\"lazy\" decoding=\"async\" class=\"alignnone size-medium wp-image-2483\" src=\"http:\/\/blogsaverroes.juntadeandalucia.es\/iesjosedemora\/files\/2016\/04\/ciencia2-300x169.jpg\" alt=\"ciencia2\" width=\"300\" height=\"169\" srcset=\"https:\/\/blogsaverroes.juntadeandalucia.es\/iesjosedemora\/files\/2016\/04\/ciencia2-300x169.jpg 300w, https:\/\/blogsaverroes.juntadeandalucia.es\/iesjosedemora\/files\/2016\/04\/ciencia2.jpg 960w\" sizes=\"(max-width: 300px) 100vw, 300px\" \/><\/a> <a href=\"http:\/\/blogsaverroes.juntadeandalucia.es\/iesjosedemora\/files\/2016\/04\/ciencia1.jpg\"><img loading=\"lazy\" decoding=\"async\" class=\"alignnone size-medium wp-image-2484\" src=\"http:\/\/blogsaverroes.juntadeandalucia.es\/iesjosedemora\/files\/2016\/04\/ciencia1-300x169.jpg\" alt=\"ciencia1\" width=\"300\" height=\"169\" srcset=\"https:\/\/blogsaverroes.juntadeandalucia.es\/iesjosedemora\/files\/2016\/04\/ciencia1-300x169.jpg 300w, https:\/\/blogsaverroes.juntadeandalucia.es\/iesjosedemora\/files\/2016\/04\/ciencia1.jpg 960w\" sizes=\"(max-width: 300px) 100vw, 300px\" \/><\/a><\/p>\n<p>en <a href=\"https:\/\/www.facebook.com\/profile.php?id=100009003088887\">nuestra cuenta de facebook<\/a> pod\u00e9is encontrar informaci\u00f3n m\u00e1s detallada al respecto as\u00ed como m\u00e1s fotograf\u00edas de las distintas actividades.<\/p>\n","protected":false},"excerpt":{"rendered":"<p>La primera semana de marzo de este a\u00f1o 2016 se ha celebrado la III semana de la ciencia. El programa incluy\u00f3 diversas conferencias a cargo de D. Luis Ruiz Rodr\u00edguez, de D. Ricardo Ibarra Ma\u00f1as, y de D. Bienvenido Mart\u00ednez Navarro. Los departamentos de las \u00e1reas cient\u00edfico-tecnol\u00f3gicas prepararon una serie de actividades y experiencias para &hellip; <\/p>\n<p><a class=\"more-link btn\" href=\"https:\/\/blogsaverroes.juntadeandalucia.es\/iesjosedemora\/2016\/03\/10\/iii-semana-de-la-ciencia-en-el-ies-jose-de-mora\/\">Seguir leyendo<\/a><\/p>\n","protected":false},"author":2651,"featured_media":2483,"comment_status":"open","ping_status":"open","sticky":false,"template":"","format":"standard","meta":{"ngg_post_thumbnail":0,"footnotes":""},"categories":[458373,25512,25500,12185,25506,25510,643107,341650],"tags":[],"aioseo_notices":[],"_links":{"self":[{"href":"https:\/\/blogsaverroes.juntadeandalucia.es\/iesjosedemora\/wp-json\/wp\/v2\/posts\/2479"}],"collection":[{"href":"https:\/\/blogsaverroes.juntadeandalucia.es\/iesjosedemora\/wp-json\/wp\/v2\/posts"}],"about":[{"href":"https:\/\/blogsaverroes.juntadeandalucia.es\/iesjosedemora\/wp-json\/wp\/v2\/types\/post"}],"author":[{"embeddable":true,"href":"https:\/\/blogsaverroes.juntadeandalucia.es\/iesjosedemora\/wp-json\/wp\/v2\/users\/2651"}],"replies":[{"embeddable":true,"href":"https:\/\/blogsaverroes.juntadeandalucia.es\/iesjosedemora\/wp-json\/wp\/v2\/comments?post=2479"}],"version-history":[{"count":1,"href":"https:\/\/blogsaverroes.juntadeandalucia.es\/iesjosedemora\/wp-json\/wp\/v2\/posts\/2479\/revisions"}],"predecessor-version":[{"id":2485,"href":"https:\/\/blogsaverroes.juntadeandalucia.es\/iesjosedemora\/wp-json\/wp\/v2\/posts\/2479\/revisions\/2485"}],"wp:featuredmedia":[{"embeddable":true,"href":"https:\/\/blogsaverroes.juntadeandalucia.es\/iesjosedemora\/wp-json\/wp\/v2\/media\/2483"}],"wp:attachment":[{"href":"https:\/\/blogsaverroes.juntadeandalucia.es\/iesjosedemora\/wp-json\/wp\/v2\/media?parent=2479"}],"wp:term":[{"taxonomy":"category","embeddable":true,"href":"https:\/\/blogsaverroes.juntadeandalucia.es\/iesjosedemora\/wp-json\/wp\/v2\/categories?post=2479"},{"taxonomy":"post_tag","embeddable":true,"href":"https:\/\/blogsaverroes.juntadeandalucia.es\/iesjosedemora\/wp-json\/wp\/v2\/tags?post=2479"}],"curies":[{"name":"wp","href":"https:\/\/api.w.org\/{rel}","templated":true}]}}