{"id":2885,"date":"2019-07-01T10:49:44","date_gmt":"2019-07-01T10:49:44","guid":{"rendered":"https:\/\/blogsaverroes.juntadeandalucia.es\/iesjosedemora\/?p=2885"},"modified":"2019-09-23T10:23:58","modified_gmt":"2019-09-23T10:23:58","slug":"2885","status":"publish","type":"post","link":"https:\/\/blogsaverroes.juntadeandalucia.es\/iesjosedemora\/2019\/07\/01\/2885\/","title":{"rendered":"Matr\u00edcula electr\u00f3nica"},"content":{"rendered":"<p><a href=\"https:\/\/blogsaverroes.juntadeandalucia.es\/iesjosedemora\/files\/2019\/07\/sobre_matricula_electronico_v2-logo.jpg\"><img decoding=\"async\" class=\"alignleft wp-image-2886 size-full\" src=\"https:\/\/blogsaverroes.juntadeandalucia.es\/iesjosedemora\/files\/2019\/07\/sobre_matricula_electronico_v2-logo.jpg\" alt=\"\" width=\"170\" height=\"114\" srcset=\"https:\/\/blogsaverroes.juntadeandalucia.es\/iesjosedemora\/files\/2019\/07\/sobre_matricula_electronico_v2-logo.jpg 170w, https:\/\/blogsaverroes.juntadeandalucia.es\/iesjosedemora\/files\/2019\/07\/sobre_matricula_electronico_v2-logo-24x16.jpg 24w, https:\/\/blogsaverroes.juntadeandalucia.es\/iesjosedemora\/files\/2019\/07\/sobre_matricula_electronico_v2-logo-36x24.jpg 36w, https:\/\/blogsaverroes.juntadeandalucia.es\/iesjosedemora\/files\/2019\/07\/sobre_matricula_electronico_v2-logo-48x32.jpg 48w\" sizes=\"(max-width: 170px) 100vw, 170px\" \/><\/a>Est\u00e1 disponible la posibilidad de realizar la matriculaci\u00f3n de nuestros alumnos de manera telem\u00e1tica.<\/p>\n<p>A trav\u00e9s de este procedimiento podr\u00e1 cumplimentar la matr\u00edcula, la solicitud de servicios complementarios, autorizaciones de recogida y de uso de imagen y audio, fotograf\u00eda, as\u00ed como las circunstancias familiares y m\u00e9dicas del alumnado.<\/p>\n<p>Es preciso disponer de certificado digital o estar suscrito al sistema cl@ve de autentificaci\u00f3n.<\/p>\n<p>Se accede en el siguiente enlace:<\/p>\n<p><a id=\"yui_patched_v3_11_0_1_1561977408033_537\" class=\"item-link\" title=\"Se abre en una nueva ventana\" href=\"https:\/\/www.juntadeandalucia.es\/educacion\/secretariavirtual\/accesoTramite\/413\/\" target=\"_blank\" rel=\"noopener noreferrer\">Enlace a la Secretar\u00eda Virtual de los Centros Educativos para cumplimentar el \u00abSobre de Matr\u00edcula Electr\u00f3nico\u00bb Ense\u00f1anza Secundaria Obligatoria<\/a><\/p>\n","protected":false},"excerpt":{"rendered":"<p>Est\u00e1 disponible la posibilidad de realizar la matriculaci\u00f3n de nuestros alumnos de manera telem\u00e1tica. A trav\u00e9s de este procedimiento podr\u00e1 cumplimentar la matr\u00edcula, la solicitud de servicios complementarios, autorizaciones de recogida y de uso de imagen y audio, fotograf\u00eda, as\u00ed como las circunstancias familiares y m\u00e9dicas del alumnado. Es preciso disponer de certificado digital o &hellip; <\/p>\n<p><a class=\"more-link btn\" href=\"https:\/\/blogsaverroes.juntadeandalucia.es\/iesjosedemora\/2019\/07\/01\/2885\/\">Seguir leyendo<\/a><\/p>\n","protected":false},"author":2651,"featured_media":2886,"comment_status":"open","ping_status":"open","sticky":false,"template":"","format":"standard","meta":{"ngg_post_thumbnail":0,"footnotes":""},"categories":[526,4441],"tags":[1043436,1904051,1043435],"aioseo_notices":[],"_links":{"self":[{"href":"https:\/\/blogsaverroes.juntadeandalucia.es\/iesjosedemora\/wp-json\/wp\/v2\/posts\/2885"}],"collection":[{"href":"https:\/\/blogsaverroes.juntadeandalucia.es\/iesjosedemora\/wp-json\/wp\/v2\/posts"}],"about":[{"href":"https:\/\/blogsaverroes.juntadeandalucia.es\/iesjosedemora\/wp-json\/wp\/v2\/types\/post"}],"author":[{"embeddable":true,"href":"https:\/\/blogsaverroes.juntadeandalucia.es\/iesjosedemora\/wp-json\/wp\/v2\/users\/2651"}],"replies":[{"embeddable":true,"href":"https:\/\/blogsaverroes.juntadeandalucia.es\/iesjosedemora\/wp-json\/wp\/v2\/comments?post=2885"}],"version-history":[{"count":2,"href":"https:\/\/blogsaverroes.juntadeandalucia.es\/iesjosedemora\/wp-json\/wp\/v2\/posts\/2885\/revisions"}],"predecessor-version":[{"id":2888,"href":"https:\/\/blogsaverroes.juntadeandalucia.es\/iesjosedemora\/wp-json\/wp\/v2\/posts\/2885\/revisions\/2888"}],"wp:featuredmedia":[{"embeddable":true,"href":"https:\/\/blogsaverroes.juntadeandalucia.es\/iesjosedemora\/wp-json\/wp\/v2\/media\/2886"}],"wp:attachment":[{"href":"https:\/\/blogsaverroes.juntadeandalucia.es\/iesjosedemora\/wp-json\/wp\/v2\/media?parent=2885"}],"wp:term":[{"taxonomy":"category","embeddable":true,"href":"https:\/\/blogsaverroes.juntadeandalucia.es\/iesjosedemora\/wp-json\/wp\/v2\/categories?post=2885"},{"taxonomy":"post_tag","embeddable":true,"href":"https:\/\/blogsaverroes.juntadeandalucia.es\/iesjosedemora\/wp-json\/wp\/v2\/tags?post=2885"}],"curies":[{"name":"wp","href":"https:\/\/api.w.org\/{rel}","templated":true}]}}