{"id":3794,"date":"2023-03-04T08:20:56","date_gmt":"2023-03-04T08:20:56","guid":{"rendered":"https:\/\/blogsaverroes.juntadeandalucia.es\/iesjosedemora\/?p=3794"},"modified":"2023-03-17T08:30:25","modified_gmt":"2023-03-17T08:30:25","slug":"escolarizacion-2023","status":"publish","type":"post","link":"https:\/\/blogsaverroes.juntadeandalucia.es\/iesjosedemora\/2023\/03\/04\/escolarizacion-2023\/","title":{"rendered":"Escolarizaci\u00f3n 2023"},"content":{"rendered":"<p><a href=\"https:\/\/blogsaverroes.juntadeandalucia.es\/iesjosedemora\/files\/2023\/03\/WhatsApp-Image-2023-02-27-at-18.35.56.jpeg\"><img decoding=\"async\" class=\"alignnone  wp-image-3795\" src=\"https:\/\/blogsaverroes.juntadeandalucia.es\/iesjosedemora\/files\/2023\/03\/WhatsApp-Image-2023-02-27-at-18.35.56-300x67.jpeg\" alt=\"\" width=\"461\" height=\"103\" srcset=\"https:\/\/blogsaverroes.juntadeandalucia.es\/iesjosedemora\/files\/2023\/03\/WhatsApp-Image-2023-02-27-at-18.35.56-300x67.jpeg 300w, https:\/\/blogsaverroes.juntadeandalucia.es\/iesjosedemora\/files\/2023\/03\/WhatsApp-Image-2023-02-27-at-18.35.56-1024x228.jpeg 1024w, https:\/\/blogsaverroes.juntadeandalucia.es\/iesjosedemora\/files\/2023\/03\/WhatsApp-Image-2023-02-27-at-18.35.56-768x171.jpeg 768w, https:\/\/blogsaverroes.juntadeandalucia.es\/iesjosedemora\/files\/2023\/03\/WhatsApp-Image-2023-02-27-at-18.35.56-1536x343.jpeg 1536w, https:\/\/blogsaverroes.juntadeandalucia.es\/iesjosedemora\/files\/2023\/03\/WhatsApp-Image-2023-02-27-at-18.35.56.jpeg 1600w\" sizes=\"(max-width: 461px) 100vw, 461px\" \/><\/a><\/p>\n<p>Del 1 al 31 de marzo queda abierto el plazo de admisi\u00f3n y escolarizaci\u00f3n (para alumnado de nueva incorporaci\u00f3n al Centro) en ESO y Bachillerato , en sus tres modalidades:<\/p>\n<ul>\n<li>Ciencias (Salud y Tecnol\u00f3gico)<\/li>\n<li>Humanidades-Ciencias Sociales<\/li>\n<li>Artes.<\/li>\n<\/ul>\n<p>Puede presentar su solicitud a trav\u00e9s del siguiente enlace, de la secretar\u00eda virtual, sin necesidad de desplazarse a nuestro Instituto:<br \/>\n<a href=\"https:\/\/www.juntadeandalucia.es\/educacion\/secretariavirtual\/\">https:\/\/www.juntadeandalucia.es\/educacion\/secretariavirtual\/<\/a><\/p>\n<p>Aqu\u00ed encontrar\u00e1 2 opciones:<\/p>\n<ol>\n<li>Autenticaci\u00f3n iANDe (realizar\u00e1 todo el proceso sin necesidad de desplazarse al Centro)<\/li>\n<li>Autenticaci\u00f3n Cl@ve: (realizar\u00e1 todo el proceso sin necesidad de desplazarse al Centro).<\/li>\n<\/ol>\n<p>Si prefiere entregar la admisi\u00f3n de manera presencial en la Secretar\u00eda del Centro:<\/p>\n<p>Descargue el anexo III a trav\u00e9s del siguiente enlace y pres\u00e9ntelo cumplimentado:<a href=\"https:\/\/www.juntadeandalucia.es\/educacion\/portales\/web\/escolarizacion\/infantil-a-bachillerato\/impresos\"> juntadeandalucia.es-impresos<\/a><\/p>\n<p>Tambi\u00e9n puede descargar la app iEscolariza, en la que podr\u00e1 consultar los centros y puntos para el proceso de escolarizaci\u00f3n de los centros sostenidos con fondos p\u00fablicos de Andaluc\u00eda.<\/p>\n<p>Para ampliar la informaci\u00f3n sobre el instituto, visita nuestra p\u00e1gina Web: <a href=\"https:\/\/blogsaverroes.juntadeandalucia.es\/iesjosedemora\/\">https:\/\/blogsaverroes.juntadeandalucia.es\/iesjosedemora\/<\/a><br \/>\nO la siguiente presentaci\u00f3n:<\/p>\n<p><a href=\"https:\/\/view.genial.ly\/603e1d52a3dc560d6fd910af\"> https:\/\/view.genial.ly\/603e1d52a3dc560d6fd910af<\/a><\/p>\n","protected":false},"excerpt":{"rendered":"<p>Del 1 al 31 de marzo queda abierto el plazo de admisi\u00f3n y escolarizaci\u00f3n (para alumnado de nueva incorporaci\u00f3n al Centro) en ESO y Bachillerato , en sus tres modalidades: Ciencias (Salud y Tecnol\u00f3gico) Humanidades-Ciencias Sociales Artes. Puede presentar su solicitud a trav\u00e9s del siguiente enlace, de la secretar\u00eda virtual, sin necesidad de desplazarse a &hellip; <\/p>\n<p><a class=\"more-link btn\" href=\"https:\/\/blogsaverroes.juntadeandalucia.es\/iesjosedemora\/2023\/03\/04\/escolarizacion-2023\/\">Seguir leyendo<\/a><\/p>\n","protected":false},"author":2651,"featured_media":3795,"comment_status":"open","ping_status":"open","sticky":false,"template":"","format":"standard","meta":{"ngg_post_thumbnail":0,"footnotes":""},"categories":[13473,526,4441],"tags":[],"aioseo_notices":[],"_links":{"self":[{"href":"https:\/\/blogsaverroes.juntadeandalucia.es\/iesjosedemora\/wp-json\/wp\/v2\/posts\/3794"}],"collection":[{"href":"https:\/\/blogsaverroes.juntadeandalucia.es\/iesjosedemora\/wp-json\/wp\/v2\/posts"}],"about":[{"href":"https:\/\/blogsaverroes.juntadeandalucia.es\/iesjosedemora\/wp-json\/wp\/v2\/types\/post"}],"author":[{"embeddable":true,"href":"https:\/\/blogsaverroes.juntadeandalucia.es\/iesjosedemora\/wp-json\/wp\/v2\/users\/2651"}],"replies":[{"embeddable":true,"href":"https:\/\/blogsaverroes.juntadeandalucia.es\/iesjosedemora\/wp-json\/wp\/v2\/comments?post=3794"}],"version-history":[{"count":1,"href":"https:\/\/blogsaverroes.juntadeandalucia.es\/iesjosedemora\/wp-json\/wp\/v2\/posts\/3794\/revisions"}],"predecessor-version":[{"id":3796,"href":"https:\/\/blogsaverroes.juntadeandalucia.es\/iesjosedemora\/wp-json\/wp\/v2\/posts\/3794\/revisions\/3796"}],"wp:featuredmedia":[{"embeddable":true,"href":"https:\/\/blogsaverroes.juntadeandalucia.es\/iesjosedemora\/wp-json\/wp\/v2\/media\/3795"}],"wp:attachment":[{"href":"https:\/\/blogsaverroes.juntadeandalucia.es\/iesjosedemora\/wp-json\/wp\/v2\/media?parent=3794"}],"wp:term":[{"taxonomy":"category","embeddable":true,"href":"https:\/\/blogsaverroes.juntadeandalucia.es\/iesjosedemora\/wp-json\/wp\/v2\/categories?post=3794"},{"taxonomy":"post_tag","embeddable":true,"href":"https:\/\/blogsaverroes.juntadeandalucia.es\/iesjosedemora\/wp-json\/wp\/v2\/tags?post=3794"}],"curies":[{"name":"wp","href":"https:\/\/api.w.org\/{rel}","templated":true}]}}