{"id":3963,"date":"2024-03-05T11:27:01","date_gmt":"2024-03-05T11:27:01","guid":{"rendered":"https:\/\/blogsaverroes.juntadeandalucia.es\/iesjosedemora\/?p=3963"},"modified":"2024-03-24T11:37:44","modified_gmt":"2024-03-24T11:37:44","slug":"2-dia-de-la-xi-semana-de-la-ciencia","status":"publish","type":"post","link":"https:\/\/blogsaverroes.juntadeandalucia.es\/iesjosedemora\/2024\/03\/05\/2-dia-de-la-xi-semana-de-la-ciencia\/","title":{"rendered":"2\u00b0 d\u00eda de la XI Semana de la Ciencia."},"content":{"rendered":"<div class=\"\" dir=\"auto\">\n<div id=\":r1mo:\" class=\"x1iorvi4 x1pi30zi x1l90r2v x1swvt13\" data-ad-comet-preview=\"message\" data-ad-preview=\"message\">\n<div class=\"x78zum5 xdt5ytf xz62fqu x16ldp7u\">\n<div class=\"xu06os2 x1ok221b\">\n<div class=\"xdj266r x11i5rnm xat24cr x1mh8g0r x1vvkbs x126k92a\">\n<div dir=\"auto\">&nbsp;<\/div>\n<div dir=\"auto\">Inauguraci\u00f3n de la exposici\u00f3n sobre las obras de <strong>M.C. Escher<\/strong> que los alumnos de 1\u00ba de Bachillerato han realizado en la asignatura de <strong>Tecnolog\u00eda e Ingenier\u00eda I<\/strong>, usando la t\u00e9cnica de impresi\u00f3n mediante <em>sublimaci\u00f3n<\/em> en azulejos.<\/div>\n<div dir=\"auto\"><a href=\"https:\/\/blogsaverroes.juntadeandalucia.es\/iesjosedemora\/files\/2024\/03\/azulejos_XI_sc.jpg\"><img fetchpriority=\"high\" decoding=\"async\" class=\"alignnone size-medium wp-image-3964\" src=\"https:\/\/blogsaverroes.juntadeandalucia.es\/iesjosedemora\/files\/2024\/03\/azulejos_XI_sc-300x300.jpg\" alt=\"\" width=\"300\" height=\"300\" srcset=\"https:\/\/blogsaverroes.juntadeandalucia.es\/iesjosedemora\/files\/2024\/03\/azulejos_XI_sc-300x300.jpg 300w, https:\/\/blogsaverroes.juntadeandalucia.es\/iesjosedemora\/files\/2024\/03\/azulejos_XI_sc-150x150.jpg 150w, https:\/\/blogsaverroes.juntadeandalucia.es\/iesjosedemora\/files\/2024\/03\/azulejos_XI_sc.jpg 600w\" sizes=\"(max-width: 300px) 100vw, 300px\" \/><\/a> <a href=\"https:\/\/blogsaverroes.juntadeandalucia.es\/iesjosedemora\/files\/2024\/03\/azulejos2_XI_sc.jpg\"><img decoding=\"async\" class=\"alignnone size-medium wp-image-3965\" src=\"https:\/\/blogsaverroes.juntadeandalucia.es\/iesjosedemora\/files\/2024\/03\/azulejos2_XI_sc-300x300.jpg\" alt=\"\" width=\"300\" height=\"300\" srcset=\"https:\/\/blogsaverroes.juntadeandalucia.es\/iesjosedemora\/files\/2024\/03\/azulejos2_XI_sc-300x300.jpg 300w, https:\/\/blogsaverroes.juntadeandalucia.es\/iesjosedemora\/files\/2024\/03\/azulejos2_XI_sc-1024x1024.jpg 1024w, https:\/\/blogsaverroes.juntadeandalucia.es\/iesjosedemora\/files\/2024\/03\/azulejos2_XI_sc-150x150.jpg 150w, https:\/\/blogsaverroes.juntadeandalucia.es\/iesjosedemora\/files\/2024\/03\/azulejos2_XI_sc-768x768.jpg 768w, https:\/\/blogsaverroes.juntadeandalucia.es\/iesjosedemora\/files\/2024\/03\/azulejos2_XI_sc.jpg 1080w\" sizes=\"(max-width: 300px) 100vw, 300px\" \/><\/a><\/div>\n<div dir=\"auto\">Adem\u00e1s durante estos dos d\u00edas nos han visitado alumnado de: San Jos\u00e9 de Calasanz, Ciudad de Baza, IES Alzujayr, la Presentaci\u00f3n, del IES Avenmoriel, y del Divino Maestro.<\/div>\n<\/div>\n<\/div>\n<\/div>\n<\/div>\n<\/div>\n","protected":false},"excerpt":{"rendered":"<p>&nbsp; Inauguraci\u00f3n de la exposici\u00f3n sobre las obras de M.C. Escher que los alumnos de 1\u00ba de Bachillerato han realizado en la asignatura de Tecnolog\u00eda e Ingenier\u00eda I, usando la t\u00e9cnica de impresi\u00f3n mediante sublimaci\u00f3n en azulejos. Adem\u00e1s durante estos dos d\u00edas nos han visitado alumnado de: San Jos\u00e9 de Calasanz, Ciudad de Baza, IES &hellip; <\/p>\n<p><a class=\"more-link btn\" href=\"https:\/\/blogsaverroes.juntadeandalucia.es\/iesjosedemora\/2024\/03\/05\/2-dia-de-la-xi-semana-de-la-ciencia\/\">Seguir leyendo<\/a><\/p>\n","protected":false},"author":2651,"featured_media":3968,"comment_status":"open","ping_status":"open","sticky":false,"template":"","format":"standard","meta":{"ngg_post_thumbnail":0,"footnotes":""},"categories":[643107],"tags":[],"aioseo_notices":[],"_links":{"self":[{"href":"https:\/\/blogsaverroes.juntadeandalucia.es\/iesjosedemora\/wp-json\/wp\/v2\/posts\/3963"}],"collection":[{"href":"https:\/\/blogsaverroes.juntadeandalucia.es\/iesjosedemora\/wp-json\/wp\/v2\/posts"}],"about":[{"href":"https:\/\/blogsaverroes.juntadeandalucia.es\/iesjosedemora\/wp-json\/wp\/v2\/types\/post"}],"author":[{"embeddable":true,"href":"https:\/\/blogsaverroes.juntadeandalucia.es\/iesjosedemora\/wp-json\/wp\/v2\/users\/2651"}],"replies":[{"embeddable":true,"href":"https:\/\/blogsaverroes.juntadeandalucia.es\/iesjosedemora\/wp-json\/wp\/v2\/comments?post=3963"}],"version-history":[{"count":1,"href":"https:\/\/blogsaverroes.juntadeandalucia.es\/iesjosedemora\/wp-json\/wp\/v2\/posts\/3963\/revisions"}],"predecessor-version":[{"id":3967,"href":"https:\/\/blogsaverroes.juntadeandalucia.es\/iesjosedemora\/wp-json\/wp\/v2\/posts\/3963\/revisions\/3967"}],"wp:featuredmedia":[{"embeddable":true,"href":"https:\/\/blogsaverroes.juntadeandalucia.es\/iesjosedemora\/wp-json\/wp\/v2\/media\/3968"}],"wp:attachment":[{"href":"https:\/\/blogsaverroes.juntadeandalucia.es\/iesjosedemora\/wp-json\/wp\/v2\/media?parent=3963"}],"wp:term":[{"taxonomy":"category","embeddable":true,"href":"https:\/\/blogsaverroes.juntadeandalucia.es\/iesjosedemora\/wp-json\/wp\/v2\/categories?post=3963"},{"taxonomy":"post_tag","embeddable":true,"href":"https:\/\/blogsaverroes.juntadeandalucia.es\/iesjosedemora\/wp-json\/wp\/v2\/tags?post=3963"}],"curies":[{"name":"wp","href":"https:\/\/api.w.org\/{rel}","templated":true}]}}