{"id":121,"date":"2011-03-17T11:38:38","date_gmt":"2011-03-17T10:38:38","guid":{"rendered":"http:\/\/iesjuliorodriguez.es\/wordpress\/?p=121"},"modified":"2011-03-17T11:38:38","modified_gmt":"2011-03-17T10:38:38","slug":"certamen-literario","status":"publish","type":"post","link":"https:\/\/blogsaverroes.juntadeandalucia.es\/iesjuliorodriguez\/certamen-literario\/","title":{"rendered":"Certamen literario"},"content":{"rendered":"<p>En el tabl\u00f3n de anuncios de la Biblioteca tene\u00eds la informaci\u00f3n que hemos recibido sobre el <strong>Certamen literario de relato corto y poes\u00eda<\/strong> convocado por la Concejal\u00eda de Educaci\u00f3n y la Red de Bibliotecas P\u00fablicas Municipales de Motril. Os dejo aqu\u00ed tambi\u00e9n las bases:<\/p>\n<p>1. Las obras estar\u00e1n escritas en castellano, ser\u00e1n originales e in\u00e9ditas.<\/p>\n<p>2. Cada autor podr\u00e1 participar, como m\u00e1ximo, con dos obras en cada una de las modalidades.<\/p>\n<p>3. Las composiciones po\u00e9ticas tendr\u00e1n un m\u00e1ximo de 5 poemas.<\/p>\n<p>4. La narraci\u00f3n corta tendr\u00e1 una extensi\u00f3n no superior a 10 folios ni inferior a tres con formato DIN A-4, mecanografiados a doble espacio por una sola cara, cuya hoja nunca podr\u00e1 tener un n\u00famero superior a 30 l\u00edneas.<\/p>\n<p>5. Cada obra, para preservar el anonimato y la imparcialidad del jurado, ir\u00e1 firmada con un seud\u00f3nimo y se indicar\u00e1 la modalidad del trabajo acompa\u00f1ado de un sobre cerrado en el que se repetir\u00e1 el seudon\u00f3nimo. En su interior deben figurar los datos siguientes: T\u00edtulo de la obra, nombre del autor, centro educativo al que pertenece, fotocopia del DNI, direcci\u00f3n y tel\u00e9fono.<\/p>\n<p>6. El plazo de admisi\u00f3n de originales finalizar\u00e1 el martes <strong>29 de marzo<\/strong>. Los trabajos que se remitan por correo, se enviar\u00e1n certificados y la fecha del matasellos ser\u00e1 considerada como la fecha de presentaci\u00f3n.<\/p>\n<p>7. El lugar de presentaci\u00f3n ser\u00e1 el siguiente: Biblioteca P\u00fablica Municipal, &#8220;Casa de la Palma&#8221;, Biblioteca &#8220;Jos\u00e9 L\u00f3pez Rubio&#8221;, Biblioteca Santa Adela, Biblioteca Varadero, Biblioteca n\u00ba 5 (Calle Ancha).<\/p>\n<p>8. Un jurado, compuesto por bibliotecarios\/as de la Red de Bibliotecas P\u00fablicas Municipales de Motril, seleccionar\u00e1 los trabajos y su fallo ser\u00e1 inapelable.<\/p>\n<p>9. El jurado podr\u00e1 declarar desierto aquel premio que considere, as\u00ed como establecer un acc\u00e9sit, en funci\u00f3n de la calidad de los trabajos presentados.<\/p>\n<p>10. Los premios, tres en cada modalidad, consistir\u00e1n en lotes de libros.<\/p>\n<p>11. La entrega de premios tendr\u00e1 lugar el 8 de Abril en la Carpa de la Feria del Libro. Con anterioridad se comunicar\u00e1 a los ganadores el fallo del jurado.<\/p>\n<p>12. La participaci\u00f3n en el Certamen implica la aceptaci\u00f3n y conformidad con las bases, y lo no previsto en las mismas se someter\u00e1 a lo que determine el jurado, a cuyo fallo no cabe apelaci\u00f3n.<\/p>\n","protected":false},"excerpt":{"rendered":"<p>En el tabl\u00f3n de anuncios de la Biblioteca tene\u00eds la informaci\u00f3n que hemos recibido sobre el Certamen literario de relato corto y poes\u00eda convocado por la Concejal\u00eda de Educaci\u00f3n y la Red de Bibliotecas P\u00fablicas Municipales de Motril. Os dejo aqu\u00ed tambi\u00e9n las bases: 1. Las obras estar\u00e1n escritas en castellano, ser\u00e1n originales e in\u00e9ditas. [&hellip;]<\/p>\n","protected":false},"author":19333,"featured_media":0,"comment_status":"open","ping_status":"open","sticky":false,"template":"","format":"standard","meta":{"_et_pb_use_builder":"","_et_pb_old_content":"","_et_gb_content_width":"","ngg_post_thumbnail":0,"footnotes":""},"categories":[13,18,47],"tags":[],"aioseo_notices":[],"_links":{"self":[{"href":"https:\/\/blogsaverroes.juntadeandalucia.es\/iesjuliorodriguez\/wp-json\/wp\/v2\/posts\/121"}],"collection":[{"href":"https:\/\/blogsaverroes.juntadeandalucia.es\/iesjuliorodriguez\/wp-json\/wp\/v2\/posts"}],"about":[{"href":"https:\/\/blogsaverroes.juntadeandalucia.es\/iesjuliorodriguez\/wp-json\/wp\/v2\/types\/post"}],"author":[{"embeddable":true,"href":"https:\/\/blogsaverroes.juntadeandalucia.es\/iesjuliorodriguez\/wp-json\/wp\/v2\/users\/19333"}],"replies":[{"embeddable":true,"href":"https:\/\/blogsaverroes.juntadeandalucia.es\/iesjuliorodriguez\/wp-json\/wp\/v2\/comments?post=121"}],"version-history":[{"count":0,"href":"https:\/\/blogsaverroes.juntadeandalucia.es\/iesjuliorodriguez\/wp-json\/wp\/v2\/posts\/121\/revisions"}],"wp:attachment":[{"href":"https:\/\/blogsaverroes.juntadeandalucia.es\/iesjuliorodriguez\/wp-json\/wp\/v2\/media?parent=121"}],"wp:term":[{"taxonomy":"category","embeddable":true,"href":"https:\/\/blogsaverroes.juntadeandalucia.es\/iesjuliorodriguez\/wp-json\/wp\/v2\/categories?post=121"},{"taxonomy":"post_tag","embeddable":true,"href":"https:\/\/blogsaverroes.juntadeandalucia.es\/iesjuliorodriguez\/wp-json\/wp\/v2\/tags?post=121"}],"curies":[{"name":"wp","href":"https:\/\/api.w.org\/{rel}","templated":true}]}}