{"id":123,"date":"2011-03-22T10:21:55","date_gmt":"2011-03-22T09:21:55","guid":{"rendered":"http:\/\/iesjuliorodriguez.es\/wordpress\/?p=123"},"modified":"2011-03-22T10:21:55","modified_gmt":"2011-03-22T09:21:55","slug":"cambio-de-fecha","status":"publish","type":"post","link":"https:\/\/blogsaverroes.juntadeandalucia.es\/iesjuliorodriguez\/cambio-de-fecha\/","title":{"rendered":"Cambio de fecha"},"content":{"rendered":"<p>El recreo filos\u00f3fico pasa al pr\u00f3ximo martes d\u00eda 29 a petici\u00f3n de los alumnos. Tendr\u00e1 una periodicidad quincenal.<\/p>\n","protected":false},"excerpt":{"rendered":"<p>El recreo filos\u00f3fico pasa al pr\u00f3ximo martes d\u00eda 29 a petici\u00f3n de los alumnos. Tendr\u00e1 una periodicidad quincenal.<\/p>\n","protected":false},"author":19333,"featured_media":0,"comment_status":"open","ping_status":"open","sticky":false,"template":"","format":"standard","meta":{"_et_pb_use_builder":"","_et_pb_old_content":"","_et_gb_content_width":"","ngg_post_thumbnail":0,"footnotes":""},"categories":[18,47],"tags":[],"aioseo_notices":[],"_links":{"self":[{"href":"https:\/\/blogsaverroes.juntadeandalucia.es\/iesjuliorodriguez\/wp-json\/wp\/v2\/posts\/123"}],"collection":[{"href":"https:\/\/blogsaverroes.juntadeandalucia.es\/iesjuliorodriguez\/wp-json\/wp\/v2\/posts"}],"about":[{"href":"https:\/\/blogsaverroes.juntadeandalucia.es\/iesjuliorodriguez\/wp-json\/wp\/v2\/types\/post"}],"author":[{"embeddable":true,"href":"https:\/\/blogsaverroes.juntadeandalucia.es\/iesjuliorodriguez\/wp-json\/wp\/v2\/users\/19333"}],"replies":[{"embeddable":true,"href":"https:\/\/blogsaverroes.juntadeandalucia.es\/iesjuliorodriguez\/wp-json\/wp\/v2\/comments?post=123"}],"version-history":[{"count":0,"href":"https:\/\/blogsaverroes.juntadeandalucia.es\/iesjuliorodriguez\/wp-json\/wp\/v2\/posts\/123\/revisions"}],"wp:attachment":[{"href":"https:\/\/blogsaverroes.juntadeandalucia.es\/iesjuliorodriguez\/wp-json\/wp\/v2\/media?parent=123"}],"wp:term":[{"taxonomy":"category","embeddable":true,"href":"https:\/\/blogsaverroes.juntadeandalucia.es\/iesjuliorodriguez\/wp-json\/wp\/v2\/categories?post=123"},{"taxonomy":"post_tag","embeddable":true,"href":"https:\/\/blogsaverroes.juntadeandalucia.es\/iesjuliorodriguez\/wp-json\/wp\/v2\/tags?post=123"}],"curies":[{"name":"wp","href":"https:\/\/api.w.org\/{rel}","templated":true}]}}