{"id":1291,"date":"2017-02-18T19:33:36","date_gmt":"2017-02-18T19:33:36","guid":{"rendered":"http:\/\/iesjuliorodriguez.es\/?p=1291"},"modified":"2017-02-18T19:33:36","modified_gmt":"2017-02-18T19:33:36","slug":"cuanto-vale-la-gioconda","status":"publish","type":"post","link":"https:\/\/blogsaverroes.juntadeandalucia.es\/iesjuliorodriguez\/cuanto-vale-la-gioconda\/","title":{"rendered":"\u00bfCU\u00c1NTO VALE LA GIOCONDA?"},"content":{"rendered":"<p>El profesor Rodr\u00edguez Domingo del Grado de Historia del Arte, ha impartido hoy en nuestro instituto la conferencia \u00bfCu\u00e1nto vale la Gioconda?<\/p>\n<p>Demos las gracias tambi\u00e9n a los alumnos de los IES La Zafra y Giner de los R\u00edos que nos han acompa\u00f1ado.<\/p>\n<p>[peg-image src=&#8221;https:\/\/lh3.googleusercontent.com\/-lD5W6e9uRVY\/WKig7LV40sI\/AAAAAAAAEjY\/owkC26zhoMgS0LP_YEftj7eCgQH6cyAyQCHM\/s144-o\/2017-02-18.jpg&#8221; href=&#8221;https:\/\/picasaweb.google.com\/109875492863926900902\/6388533007722341409#6388533009942368962&#8243; caption=&#8221;&#8221; type=&#8221;image&#8221; alt=&#8221;2017-02-18.jpg&#8221; image_size=&#8221;1552&#215;873&#8243; peg_single_image_size=&#8221;w300&#8243; peg_gal_format=&#8221;phototile&#8221; peg_phototile=&#8221;300&#8243; ] [peg-image src=&#8221;https:\/\/lh3.googleusercontent.com\/-hdut1v_8ofs\/WKig7Pp4pKI\/AAAAAAAAEjY\/MQV5eogE6UU8AIvPq_FqRCu3MfBnnIMUACHM\/s144-o\/2017-02-18.jpg&#8221; href=&#8221;https:\/\/picasaweb.google.com\/109875492863926900902\/6388533007722341409#6388533011099985058&#8243; caption=&#8221;&#8221; type=&#8221;image&#8221; alt=&#8221;2017-02-18.jpg&#8221; image_size=&#8221;1552&#215;873&#8243; peg_single_image_size=&#8221;w300&#8243; peg_gal_format=&#8221;phototile&#8221; peg_phototile=&#8221;300&#8243; ]<\/p>\n<p class=\"clear\">\n","protected":false},"excerpt":{"rendered":"<p>El profesor Rodr\u00edguez Domingo del Grado de Historia del Arte, ha impartido hoy en nuestro instituto la conferencia \u00bfCu\u00e1nto vale la Gioconda? Demos las gracias tambi\u00e9n a los alumnos de los IES La Zafra y Giner de los R\u00edos que nos han acompa\u00f1ado. [peg-image src=&#8221;https:\/\/lh3.googleusercontent.com\/-lD5W6e9uRVY\/WKig7LV40sI\/AAAAAAAAEjY\/owkC26zhoMgS0LP_YEftj7eCgQH6cyAyQCHM\/s144-o\/2017-02-18.jpg&#8221; href=&#8221;https:\/\/picasaweb.google.com\/109875492863926900902\/6388533007722341409#6388533009942368962&#8243; caption=&#8221;&#8221; type=&#8221;image&#8221; alt=&#8221;2017-02-18.jpg&#8221; image_size=&#8221;1552&#215;873&#8243; peg_single_image_size=&#8221;w300&#8243; peg_gal_format=&#8221;phototile&#8221; peg_phototile=&#8221;300&#8243; ] [peg-image [&hellip;]<\/p>\n","protected":false},"author":19333,"featured_media":0,"comment_status":"closed","ping_status":"closed","sticky":false,"template":"","format":"standard","meta":{"_et_pb_use_builder":"","_et_pb_old_content":"","_et_gb_content_width":"","ngg_post_thumbnail":0,"footnotes":""},"categories":[59],"tags":[],"aioseo_notices":[],"_links":{"self":[{"href":"https:\/\/blogsaverroes.juntadeandalucia.es\/iesjuliorodriguez\/wp-json\/wp\/v2\/posts\/1291"}],"collection":[{"href":"https:\/\/blogsaverroes.juntadeandalucia.es\/iesjuliorodriguez\/wp-json\/wp\/v2\/posts"}],"about":[{"href":"https:\/\/blogsaverroes.juntadeandalucia.es\/iesjuliorodriguez\/wp-json\/wp\/v2\/types\/post"}],"author":[{"embeddable":true,"href":"https:\/\/blogsaverroes.juntadeandalucia.es\/iesjuliorodriguez\/wp-json\/wp\/v2\/users\/19333"}],"replies":[{"embeddable":true,"href":"https:\/\/blogsaverroes.juntadeandalucia.es\/iesjuliorodriguez\/wp-json\/wp\/v2\/comments?post=1291"}],"version-history":[{"count":0,"href":"https:\/\/blogsaverroes.juntadeandalucia.es\/iesjuliorodriguez\/wp-json\/wp\/v2\/posts\/1291\/revisions"}],"wp:attachment":[{"href":"https:\/\/blogsaverroes.juntadeandalucia.es\/iesjuliorodriguez\/wp-json\/wp\/v2\/media?parent=1291"}],"wp:term":[{"taxonomy":"category","embeddable":true,"href":"https:\/\/blogsaverroes.juntadeandalucia.es\/iesjuliorodriguez\/wp-json\/wp\/v2\/categories?post=1291"},{"taxonomy":"post_tag","embeddable":true,"href":"https:\/\/blogsaverroes.juntadeandalucia.es\/iesjuliorodriguez\/wp-json\/wp\/v2\/tags?post=1291"}],"curies":[{"name":"wp","href":"https:\/\/api.w.org\/{rel}","templated":true}]}}