{"id":1351,"date":"2017-05-17T10:39:49","date_gmt":"2017-05-17T10:39:49","guid":{"rendered":"http:\/\/iesjuliorodriguez.es\/?p=1351"},"modified":"2017-05-17T10:39:49","modified_gmt":"2017-05-17T10:39:49","slug":"jornadas-matematicas","status":"publish","type":"post","link":"https:\/\/blogsaverroes.juntadeandalucia.es\/iesjuliorodriguez\/jornadas-matematicas\/","title":{"rendered":"Jornadas Matem\u00e1ticas"},"content":{"rendered":"<h2><u>Olimpiadas IES Guadalent\u00edn<\/u><\/h2>\n<p>El pasado 11 de mayo, como cada a\u00f1o, el instituto asisti\u00f3 a las olimpiadas matem\u00e1ticas celebradas en el IES Guadalent\u00edn (Pozo Alc\u00f3n).\u00a0 Cabe destacar la dimensi\u00f3n de estas pruebas a las cuales se presentan unos 400 alumnos tanto de la ESO como Bachillerato acudiendo institutos de C\u00f3rdoba, Ja\u00e9n, Granada y Almer\u00eda principalmente, aunque este a\u00f1o se present\u00f3 un instituto de Madrid<\/p>\n<p>En este presente a\u00f1o los alumnos que representaron al instituto fueron:<\/p>\n<ul>\n<li>Laura Ant\u00fanez Mart\u00ed<\/li>\n<li>Andrei Daniel Budea<\/li>\n<li>Elena Esparrell Cabrera<\/li>\n<li>Adrea Ju\u00e1rez Lima<\/li>\n<li>Aroa Romera Jim\u00e9nez<\/li>\n<\/ul>\n<p>Mencionar el buen papel desempe\u00f1ado por nuestros estudiantes que aunque no consiguieron premio dentro de los cinco primeros de cada categor\u00eda el nivel demostrado en la ejecuci\u00f3n de tales pruebas fue m\u00e1s que notable resolviendo problemas de un gran complejidad que no se resuelven en clase.<\/p>\n<p>Una vez finalizadas las pruebas tanto alumnos como profesores pudimos disfrutar de una jornada de convivencia en el entorno del embalse de la Bolera, donde disfrutamos de una paella realizada por el AMPA y una asociaci\u00f3n de mujeres de Pozo Alc\u00f3n.<\/p>\n<p>[peg-image src=&#8221;https:\/\/lh3.googleusercontent.com\/-nRmMgI9ffLg\/WRwmvsLmTFI\/AAAAAAAAE3g\/zY8NMQiCeoEGOmNwz7nBFfyEj8KTcUwjwCHM\/s144-o\/20170511_120819.jpg&#8221; href=&#8221;https:\/\/picasaweb.google.com\/109875492863926900902\/6421049768133098417#6421049769478999122&#8243; caption=&#8221;&#8221; type=&#8221;image&#8221; alt=&#8221;20170511_120819.jpg&#8221; image_size=&#8221;512&#215;288&#8243; peg_single_image_size=&#8221;w200&#8243; peg_gal_format=&#8221;phototile&#8221; peg_phototile=&#8221;200&#8243; ] [peg-image src=&#8221;https:\/\/lh3.googleusercontent.com\/-ra-69p0boSM\/WRwmvlBHZzI\/AAAAAAAAE3g\/s-4LyBwBV-MwtY_KMSPcnvyegfLwvGgDwCHM\/s144-o\/20170511_121549.jpg&#8221; href=&#8221;https:\/\/picasaweb.google.com\/109875492863926900902\/6421049768133098417#6421049767555983154&#8243; caption=&#8221;&#8221; type=&#8221;image&#8221; alt=&#8221;20170511_121549.jpg&#8221; image_size=&#8221;512&#215;288&#8243; peg_single_image_size=&#8221;w200&#8243; peg_gal_format=&#8221;phototile&#8221; peg_phototile=&#8221;200&#8243; ] [peg-image src=&#8221;https:\/\/lh3.googleusercontent.com\/-wfC6lECP98E\/WRwmvt9aqGI\/AAAAAAAAE3g\/8uonUXgT7bACVuC27CINlz7UkVlZxyYYwCHM\/s144-o\/20170511_120822.jpg&#8221; href=&#8221;https:\/\/picasaweb.google.com\/109875492863926900902\/6421049768133098417#6421049769956386914&#8243; caption=&#8221;&#8221; type=&#8221;image&#8221; alt=&#8221;20170511_120822.jpg&#8221; image_size=&#8221;512&#215;288&#8243; peg_single_image_size=&#8221;w200&#8243; peg_gal_format=&#8221;phototile&#8221; peg_phototile=&#8221;200&#8243; ]<\/p>\n<h2><u>Gymkhana Matem\u00e1ticas<\/u><\/h2>\n<p>Con objeto de conmemorar el d\u00eda de las matem\u00e1ticas, 12 de Mayo, el departamento de matem\u00e1ticas con la ayuda del AMPA celebramos una Gymkhana matem\u00e1tica para todos los alumnos de 4\u00ba ESO durante las tres \u00faltimas horas de clase.<\/p>\n<p>En estas pruebas, nuestros alumnos demostraron sus dotes para el c\u00e1lculo mental, visi\u00f3n espacial o resoluci\u00f3n de problemas de l\u00f3gica. En total nuevos retos matem\u00e1ticos que con mayor o menor fortuna fueron salvando<\/p>\n<p>Una vez finalizadas estas pruebas celebramos la entrega de diplomas y medallas para los grupos con mejores resultados.<\/p>\n<p class=\"clear\">\u00a0[peg-image src=&#8221;https:\/\/lh3.googleusercontent.com\/-VJcf2XzUQ08\/WRwmvsbNJLI\/AAAAAAAAE3g\/k61RcZTFwLIp0oj8a7rXYN6DQcE36si0gCHM\/s144-o\/20170512_130205.jpg&#8221; href=&#8221;https:\/\/picasaweb.google.com\/109875492863926900902\/6421049768133098417#6421049769544459442&#8243; caption=&#8221;&#8221; type=&#8221;image&#8221; alt=&#8221;20170512_130205.jpg&#8221; image_size=&#8221;512&#215;288&#8243; peg_single_image_size=&#8221;w150&#8243; peg_gal_format=&#8221;phototile&#8221; peg_phototile=&#8221;150&#8243; ] [peg-image src=&#8221;https:\/\/lh3.googleusercontent.com\/-AxBjrqAQeJ8\/WRwmvhI6U-I\/AAAAAAAAE3g\/aXWN7CKopkwxLn2RV87CEe5-t72FaEzCACHM\/s144-o\/20170512_130307.jpg&#8221; href=&#8221;https:\/\/picasaweb.google.com\/109875492863926900902\/6421049768133098417#6421049766514938850&#8243; caption=&#8221;&#8221; type=&#8221;image&#8221; alt=&#8221;20170512_130307.jpg&#8221; image_size=&#8221;512&#215;288&#8243; peg_single_image_size=&#8221;w150&#8243; peg_gal_format=&#8221;phototile&#8221; peg_phototile=&#8221;150&#8243; ] [peg-image src=&#8221;https:\/\/lh3.googleusercontent.com\/-P6wuNudFUjc\/WRwmvoO3fZI\/AAAAAAAAE3g\/yVBuOMVN5hghm1h6XRzafpp-pPsmBIrOwCHM\/s144-o\/20170512_130246.jpg&#8221; href=&#8221;https:\/\/picasaweb.google.com\/109875492863926900902\/6421049768133098417#6421049768418966930&#8243; caption=&#8221;&#8221; type=&#8221;image&#8221; alt=&#8221;20170512_130246.jpg&#8221; image_size=&#8221;512&#215;288&#8243; peg_single_image_size=&#8221;w150&#8243; peg_gal_format=&#8221;phototile&#8221; peg_phototile=&#8221;150&#8243; ] [peg-image src=&#8221;https:\/\/lh3.googleusercontent.com\/&#8211;JBn4tMseYY\/WRwmvjUF0VI\/AAAAAAAAE3g\/tICn5rRwG_QD-vCu_iGCV2UY0rj-6_3AQCHM\/s144-o\/20170512_130347.jpg&#8221; href=&#8221;https:\/\/picasaweb.google.com\/109875492863926900902\/6421049768133098417#6421049767098700114&#8243; caption=&#8221;&#8221; type=&#8221;image&#8221; alt=&#8221;20170512_130347.jpg&#8221; image_size=&#8221;512&#215;288&#8243; peg_single_image_size=&#8221;w150&#8243; peg_gal_format=&#8221;phototile&#8221; peg_phototile=&#8221;150&#8243; ] [peg-image src=&#8221;https:\/\/lh3.googleusercontent.com\/-eeac5kiHM6U\/WRwmvjwRzbI\/AAAAAAAAE3g\/vh-Tlhf3V9wdsrARko-RCnWrdlasxAwNgCHM\/s144-o\/20170512_130327.jpg&#8221; href=&#8221;https:\/\/picasaweb.google.com\/109875492863926900902\/6421049768133098417#6421049767216926130&#8243; caption=&#8221;&#8221; type=&#8221;image&#8221; alt=&#8221;20170512_130327.jpg&#8221; image_size=&#8221;512&#215;288&#8243; peg_single_image_size=&#8221;w150&#8243; peg_gal_format=&#8221;phototile&#8221; peg_phototile=&#8221;150&#8243; ]<\/p>\n<p class=\"clear\">\n","protected":false},"excerpt":{"rendered":"<p>Olimpiadas IES Guadalent\u00edn El pasado 11 de mayo, como cada a\u00f1o, el instituto asisti\u00f3 a las olimpiadas matem\u00e1ticas celebradas en el IES Guadalent\u00edn (Pozo Alc\u00f3n).\u00a0 Cabe destacar la dimensi\u00f3n de estas pruebas a las cuales se presentan unos 400 alumnos tanto de la ESO como Bachillerato acudiendo institutos de C\u00f3rdoba, Ja\u00e9n, Granada y Almer\u00eda principalmente, [&hellip;]<\/p>\n","protected":false},"author":19333,"featured_media":0,"comment_status":"closed","ping_status":"closed","sticky":false,"template":"","format":"standard","meta":{"_et_pb_use_builder":"","_et_pb_old_content":"","_et_gb_content_width":"","ngg_post_thumbnail":0,"footnotes":""},"categories":[59],"tags":[],"aioseo_notices":[],"_links":{"self":[{"href":"https:\/\/blogsaverroes.juntadeandalucia.es\/iesjuliorodriguez\/wp-json\/wp\/v2\/posts\/1351"}],"collection":[{"href":"https:\/\/blogsaverroes.juntadeandalucia.es\/iesjuliorodriguez\/wp-json\/wp\/v2\/posts"}],"about":[{"href":"https:\/\/blogsaverroes.juntadeandalucia.es\/iesjuliorodriguez\/wp-json\/wp\/v2\/types\/post"}],"author":[{"embeddable":true,"href":"https:\/\/blogsaverroes.juntadeandalucia.es\/iesjuliorodriguez\/wp-json\/wp\/v2\/users\/19333"}],"replies":[{"embeddable":true,"href":"https:\/\/blogsaverroes.juntadeandalucia.es\/iesjuliorodriguez\/wp-json\/wp\/v2\/comments?post=1351"}],"version-history":[{"count":0,"href":"https:\/\/blogsaverroes.juntadeandalucia.es\/iesjuliorodriguez\/wp-json\/wp\/v2\/posts\/1351\/revisions"}],"wp:attachment":[{"href":"https:\/\/blogsaverroes.juntadeandalucia.es\/iesjuliorodriguez\/wp-json\/wp\/v2\/media?parent=1351"}],"wp:term":[{"taxonomy":"category","embeddable":true,"href":"https:\/\/blogsaverroes.juntadeandalucia.es\/iesjuliorodriguez\/wp-json\/wp\/v2\/categories?post=1351"},{"taxonomy":"post_tag","embeddable":true,"href":"https:\/\/blogsaverroes.juntadeandalucia.es\/iesjuliorodriguez\/wp-json\/wp\/v2\/tags?post=1351"}],"curies":[{"name":"wp","href":"https:\/\/api.w.org\/{rel}","templated":true}]}}