{"id":1415,"date":"2017-10-18T11:07:42","date_gmt":"2017-10-18T11:07:42","guid":{"rendered":"http:\/\/iesjuliorodriguez.es\/?p=1415"},"modified":"2017-10-18T11:07:42","modified_gmt":"2017-10-18T11:07:42","slug":"inmersion-linguistica","status":"publish","type":"post","link":"https:\/\/blogsaverroes.juntadeandalucia.es\/iesjuliorodriguez\/inmersion-linguistica\/","title":{"rendered":"Inmersi\u00f3n ling\u00fcistica"},"content":{"rendered":"<p>Los d\u00edas 9, 10 y 11 de octubre, veintiocho alumnos del IES Julio Rodr\u00edguez disfrutaron de unas jornadas de inmersi\u00f3n ling\u00fc\u00edstica en el cortijo rural La Argumosa de G\u00fa\u00e9jar Sierra, acompa\u00f1ados por los profesores Jos\u00e9 Fajardo y Salvador Rodr\u00edguez y cinco monitores de la academia CL de Granada. Los alumnos participaron activamente en un las diferentes actividades propuestas, que inclu\u00edan juegos, senderismo, baile, discoteca, deportes, etc, todo ello en un ambiente de buena convivencia y utilizando la lengua inglesa la mayor parte del tiempo. La experiencia ha sido muy positiva.<\/p>\n<p>[peg-image src=&#8221;https:\/\/lh3.googleusercontent.com\/-IJYiPVmnQpk\/Wec1IA5L4kI\/AAAAAAAAFP0\/yjEHeVDy0IA7dOo5UxN-Y0Smsx7x6aPpwCCoYBhgL\/s144-o\/IMG-20171010-WA0000.jpg&#8221; href=&#8221;https:\/\/picasaweb.google.com\/109875492863926900902\/6478205003380962817#6478205000790827586&#8243; caption=&#8221;&#8221; type=&#8221;image&#8221; alt=&#8221;IMG-20171010-WA0000.jpg&#8221; image_size=&#8221;1600&#215;1200&#8243; ] [peg-image src=&#8221;https:\/\/lh3.googleusercontent.com\/-22l365BpF7Q\/Wec1IPoeolI\/AAAAAAAAFP0\/cz_iDHkKDsAtJZb4B0-F-kliIdk0DfTIQCCoYBhgL\/s144-o\/IMG-20171011-WA0003.jpg&#8221; href=&#8221;https:\/\/picasaweb.google.com\/109875492863926900902\/6478205003380962817#6478205004747285074&#8243; caption=&#8221;&#8221; type=&#8221;image&#8221; alt=&#8221;IMG-20171011-WA0003.jpg&#8221; image_size=&#8221;1600&#215;1200&#8243; ] [peg-image src=&#8221;https:\/\/lh3.googleusercontent.com\/-1QN2Xue7q6c\/Wec1IDNaXwI\/AAAAAAAAFP0\/tegG0DUjLloV6wNcIGXVpvipeCWCuTfRgCCoYBhgL\/s144-o\/IMG-20171010-WA0024.jpg&#8221; href=&#8221;https:\/\/picasaweb.google.com\/109875492863926900902\/6478205003380962817#6478205001412534018&#8243; caption=&#8221;&#8221; type=&#8221;image&#8221; alt=&#8221;IMG-20171010-WA0024.jpg&#8221; image_size=&#8221;1600&#215;1200&#8243; ] [peg-image src=&#8221;https:\/\/lh3.googleusercontent.com\/-52lDf9Pwm1E\/Wec1IOjO2_I\/AAAAAAAAFP0\/OMI39_bUD0EwCpTP85ITV9fMIlSi2CibgCCoYBhgL\/s144-o\/IMG-20171011-WA0030.jpg&#8221; href=&#8221;https:\/\/picasaweb.google.com\/109875492863926900902\/6478205003380962817#6478205004456844274&#8243; caption=&#8221;&#8221; type=&#8221;image&#8221; alt=&#8221;IMG-20171011-WA0030.jpg&#8221; image_size=&#8221;1600&#215;1200&#8243; ]<\/p>\n<p class=\"clear\">\n","protected":false},"excerpt":{"rendered":"<p>Los d\u00edas 9, 10 y 11 de octubre, veintiocho alumnos del IES Julio Rodr\u00edguez disfrutaron de unas jornadas de inmersi\u00f3n ling\u00fc\u00edstica en el cortijo rural La Argumosa de G\u00fa\u00e9jar Sierra, acompa\u00f1ados por los profesores Jos\u00e9 Fajardo y Salvador Rodr\u00edguez y cinco monitores de la academia CL de Granada. Los alumnos participaron activamente en un las [&hellip;]<\/p>\n","protected":false},"author":19333,"featured_media":0,"comment_status":"closed","ping_status":"closed","sticky":false,"template":"","format":"standard","meta":{"_et_pb_use_builder":"","_et_pb_old_content":"","_et_gb_content_width":"","ngg_post_thumbnail":0,"footnotes":""},"categories":[14,59],"tags":[],"aioseo_notices":[],"_links":{"self":[{"href":"https:\/\/blogsaverroes.juntadeandalucia.es\/iesjuliorodriguez\/wp-json\/wp\/v2\/posts\/1415"}],"collection":[{"href":"https:\/\/blogsaverroes.juntadeandalucia.es\/iesjuliorodriguez\/wp-json\/wp\/v2\/posts"}],"about":[{"href":"https:\/\/blogsaverroes.juntadeandalucia.es\/iesjuliorodriguez\/wp-json\/wp\/v2\/types\/post"}],"author":[{"embeddable":true,"href":"https:\/\/blogsaverroes.juntadeandalucia.es\/iesjuliorodriguez\/wp-json\/wp\/v2\/users\/19333"}],"replies":[{"embeddable":true,"href":"https:\/\/blogsaverroes.juntadeandalucia.es\/iesjuliorodriguez\/wp-json\/wp\/v2\/comments?post=1415"}],"version-history":[{"count":0,"href":"https:\/\/blogsaverroes.juntadeandalucia.es\/iesjuliorodriguez\/wp-json\/wp\/v2\/posts\/1415\/revisions"}],"wp:attachment":[{"href":"https:\/\/blogsaverroes.juntadeandalucia.es\/iesjuliorodriguez\/wp-json\/wp\/v2\/media?parent=1415"}],"wp:term":[{"taxonomy":"category","embeddable":true,"href":"https:\/\/blogsaverroes.juntadeandalucia.es\/iesjuliorodriguez\/wp-json\/wp\/v2\/categories?post=1415"},{"taxonomy":"post_tag","embeddable":true,"href":"https:\/\/blogsaverroes.juntadeandalucia.es\/iesjuliorodriguez\/wp-json\/wp\/v2\/tags?post=1415"}],"curies":[{"name":"wp","href":"https:\/\/api.w.org\/{rel}","templated":true}]}}