{"id":1765,"date":"2019-02-04T20:30:56","date_gmt":"2019-02-04T19:30:56","guid":{"rendered":"http:\/\/iesjuliorodriguez.es\/?p=1765"},"modified":"2019-02-04T20:30:56","modified_gmt":"2019-02-04T19:30:56","slug":"san-valentin-3","status":"publish","type":"post","link":"https:\/\/blogsaverroes.juntadeandalucia.es\/iesjuliorodriguez\/san-valentin-3\/","title":{"rendered":"San Valent\u00edn"},"content":{"rendered":"<p><a href=\"https:\/\/blogsaverroes.juntadeandalucia.es\/iesjuliorodriguez\/files\/2019\/02\/Tr\u00edptico-San-Valent\u00edn.pdf\">Tr\u00edptico San Valent\u00edn<\/a><\/p>\n<p>A las bases que se relacionan en el documento adjunto hay que a\u00f1adir las siguientes novedades:<\/p>\n<div dir=\"auto\">\n<div dir=\"auto\">\n<div dir=\"auto\">Con respecto a la actividad de cartas de amor de San Valent\u00edn, a partir del 4 de febrero se contemplan las siguientes opciones:<\/div>\n<div dir=\"auto\">OPCI\u00d3N A: Mandar carta y flor, como hasta ahora.<\/div>\n<div dir=\"auto\">OPCI\u00d3N B: Mandar carta (bajo las mismas condiciones) sin flores (sin coste alguno)<\/div>\n<div dir=\"auto\">OPCI\u00d3N C: Mandar flor y no mandar carta (con los mismos precios)<\/div>\n<div dir=\"auto\">OPCI\u00d3N D: Acogerse al derecho a no mandar ni carta, ni flor y no participar en modo alguno, pero respetando el derecho de otros a participar.<\/div>\n<div dir=\"auto\">LA FECHA L\u00cdMITE PARA ENCARGOS DE FLORES ES EL 8 DE FEBRERO DE 2019.<\/div>\n<div dir=\"auto\"><\/div>\n<\/div>\n<\/div>\n<div dir=\"auto\"><a href=\"https:\/\/blogsaverroes.juntadeandalucia.es\/iesjuliorodriguez\/files\/2019\/02\/IMG-20190128-WA0016.jpg\"><img loading=\"lazy\" decoding=\"async\" class=\"alignnone size-medium wp-image-1767\" src=\"http:\/\/iesjuliorodriguez.es\/wordpress\/wp-content\/uploads\/2019\/02\/IMG-20190128-WA0016-225x300.jpg\" alt=\"\" width=\"225\" height=\"300\" srcset=\"https:\/\/blogsaverroes.juntadeandalucia.es\/iesjuliorodriguez\/files\/2019\/02\/IMG-20190128-WA0016-225x300.jpg 225w, https:\/\/blogsaverroes.juntadeandalucia.es\/iesjuliorodriguez\/files\/2019\/02\/IMG-20190128-WA0016-768x1024.jpg 768w, https:\/\/blogsaverroes.juntadeandalucia.es\/iesjuliorodriguez\/files\/2019\/02\/IMG-20190128-WA0016-1152x1536.jpg 1152w, https:\/\/blogsaverroes.juntadeandalucia.es\/iesjuliorodriguez\/files\/2019\/02\/IMG-20190128-WA0016-1080x1440.jpg 1080w, https:\/\/blogsaverroes.juntadeandalucia.es\/iesjuliorodriguez\/files\/2019\/02\/IMG-20190128-WA0016-980x1307.jpg 980w, https:\/\/blogsaverroes.juntadeandalucia.es\/iesjuliorodriguez\/files\/2019\/02\/IMG-20190128-WA0016-480x640.jpg 480w, https:\/\/blogsaverroes.juntadeandalucia.es\/iesjuliorodriguez\/files\/2019\/02\/IMG-20190128-WA0016.jpg 1200w\" sizes=\"(max-width: 225px) 100vw, 225px\" \/><\/a> <a href=\"https:\/\/blogsaverroes.juntadeandalucia.es\/iesjuliorodriguez\/files\/2019\/02\/PhotoEditor_20190128_113332893.jpg\"><img loading=\"lazy\" decoding=\"async\" class=\"alignnone size-medium wp-image-1768\" src=\"http:\/\/iesjuliorodriguez.es\/wordpress\/wp-content\/uploads\/2019\/02\/PhotoEditor_20190128_113332893-194x300.jpg\" alt=\"\" width=\"194\" height=\"300\" srcset=\"https:\/\/blogsaverroes.juntadeandalucia.es\/iesjuliorodriguez\/files\/2019\/02\/PhotoEditor_20190128_113332893-194x300.jpg 194w, https:\/\/blogsaverroes.juntadeandalucia.es\/iesjuliorodriguez\/files\/2019\/02\/PhotoEditor_20190128_113332893-663x1024.jpg 663w, https:\/\/blogsaverroes.juntadeandalucia.es\/iesjuliorodriguez\/files\/2019\/02\/PhotoEditor_20190128_113332893-768x1186.jpg 768w, https:\/\/blogsaverroes.juntadeandalucia.es\/iesjuliorodriguez\/files\/2019\/02\/PhotoEditor_20190128_113332893-995x1536.jpg 995w, https:\/\/blogsaverroes.juntadeandalucia.es\/iesjuliorodriguez\/files\/2019\/02\/PhotoEditor_20190128_113332893-980x1513.jpg 980w, https:\/\/blogsaverroes.juntadeandalucia.es\/iesjuliorodriguez\/files\/2019\/02\/PhotoEditor_20190128_113332893-480x741.jpg 480w, https:\/\/blogsaverroes.juntadeandalucia.es\/iesjuliorodriguez\/files\/2019\/02\/PhotoEditor_20190128_113332893.jpg 1024w\" sizes=\"(max-width: 194px) 100vw, 194px\" \/><\/a><\/div>\n","protected":false},"excerpt":{"rendered":"<p>Tr\u00edptico San Valent\u00edn A las bases que se relacionan en el documento adjunto hay que a\u00f1adir las siguientes novedades: Con respecto a la actividad de cartas de amor de San Valent\u00edn, a partir del 4 de febrero se contemplan las siguientes opciones: OPCI\u00d3N A: Mandar carta y flor, como hasta ahora. OPCI\u00d3N B: Mandar carta [&hellip;]<\/p>\n","protected":false},"author":19333,"featured_media":0,"comment_status":"closed","ping_status":"closed","sticky":false,"template":"","format":"standard","meta":{"_et_pb_use_builder":"","_et_pb_old_content":"","_et_gb_content_width":"","ngg_post_thumbnail":0,"footnotes":""},"categories":[13,22,47],"tags":[],"aioseo_notices":[],"_links":{"self":[{"href":"https:\/\/blogsaverroes.juntadeandalucia.es\/iesjuliorodriguez\/wp-json\/wp\/v2\/posts\/1765"}],"collection":[{"href":"https:\/\/blogsaverroes.juntadeandalucia.es\/iesjuliorodriguez\/wp-json\/wp\/v2\/posts"}],"about":[{"href":"https:\/\/blogsaverroes.juntadeandalucia.es\/iesjuliorodriguez\/wp-json\/wp\/v2\/types\/post"}],"author":[{"embeddable":true,"href":"https:\/\/blogsaverroes.juntadeandalucia.es\/iesjuliorodriguez\/wp-json\/wp\/v2\/users\/19333"}],"replies":[{"embeddable":true,"href":"https:\/\/blogsaverroes.juntadeandalucia.es\/iesjuliorodriguez\/wp-json\/wp\/v2\/comments?post=1765"}],"version-history":[{"count":0,"href":"https:\/\/blogsaverroes.juntadeandalucia.es\/iesjuliorodriguez\/wp-json\/wp\/v2\/posts\/1765\/revisions"}],"wp:attachment":[{"href":"https:\/\/blogsaverroes.juntadeandalucia.es\/iesjuliorodriguez\/wp-json\/wp\/v2\/media?parent=1765"}],"wp:term":[{"taxonomy":"category","embeddable":true,"href":"https:\/\/blogsaverroes.juntadeandalucia.es\/iesjuliorodriguez\/wp-json\/wp\/v2\/categories?post=1765"},{"taxonomy":"post_tag","embeddable":true,"href":"https:\/\/blogsaverroes.juntadeandalucia.es\/iesjuliorodriguez\/wp-json\/wp\/v2\/tags?post=1765"}],"curies":[{"name":"wp","href":"https:\/\/api.w.org\/{rel}","templated":true}]}}