{"id":1839,"date":"2019-03-26T20:45:17","date_gmt":"2019-03-26T19:45:17","guid":{"rendered":"http:\/\/iesjuliorodriguez.es\/?p=1839"},"modified":"2019-03-26T20:45:17","modified_gmt":"2019-03-26T19:45:17","slug":"irish-week","status":"publish","type":"post","link":"https:\/\/blogsaverroes.juntadeandalucia.es\/iesjuliorodriguez\/irish-week\/","title":{"rendered":"Irish week"},"content":{"rendered":"<p>Durante la semana del 11 al 15 de marzo hemos celebrado nuestra 1\u00aa semana cultural dedicada a Irlanda, haci\u00e9ndola coincidir con la fecha de la festividad de San Patricio (17 de marzo). En ella hemos intentado dar a conocer diferentes aspectos de la cultura de ese pa\u00eds, tales como la danza popular irlandesa, citas y obras literarias de autores, m\u00fasica, el himno nacional, la bandera, etc. Adem\u00e1s, hemos decorado nuestro patio de los naranjos con los colores de Irlanda, tanto en los propios \u00e1rboles, que ya ten\u00edan el naranja y el verde, como en los banderines. Como colof\u00f3n, alumnos de nuestro centro rindieron homenaje al pa\u00eds de Irlanda con un breve concierto de flauta, la presentaci\u00f3n de la bandera y el correspondiente desfile, y por supuesto, luciendo alguna prenda verde. \u00a1Que viva Irlanda y que viva San Patricio! \u00a1Prometemos repetir el curso que viene!<\/p>\n<p><a href=\"https:\/\/blogsaverroes.juntadeandalucia.es\/iesjuliorodriguez\/files\/2019\/03\/IMG_20190315_143442.jpg\"><img loading=\"lazy\" decoding=\"async\" class=\"alignnone size-medium wp-image-1842\" src=\"http:\/\/iesjuliorodriguez.es\/wordpress\/wp-content\/uploads\/2019\/03\/IMG_20190315_143442-300x225.jpg\" alt=\"\" width=\"300\" height=\"225\" srcset=\"https:\/\/blogsaverroes.juntadeandalucia.es\/iesjuliorodriguez\/files\/2019\/03\/IMG_20190315_143442-300x225.jpg 300w, https:\/\/blogsaverroes.juntadeandalucia.es\/iesjuliorodriguez\/files\/2019\/03\/IMG_20190315_143442-1024x768.jpg 1024w, https:\/\/blogsaverroes.juntadeandalucia.es\/iesjuliorodriguez\/files\/2019\/03\/IMG_20190315_143442-768x576.jpg 768w, https:\/\/blogsaverroes.juntadeandalucia.es\/iesjuliorodriguez\/files\/2019\/03\/IMG_20190315_143442-1536x1152.jpg 1536w, https:\/\/blogsaverroes.juntadeandalucia.es\/iesjuliorodriguez\/files\/2019\/03\/IMG_20190315_143442-2048x1536.jpg 2048w, https:\/\/blogsaverroes.juntadeandalucia.es\/iesjuliorodriguez\/files\/2019\/03\/IMG_20190315_143442-510x382.jpg 510w, https:\/\/blogsaverroes.juntadeandalucia.es\/iesjuliorodriguez\/files\/2019\/03\/IMG_20190315_143442-1080x810.jpg 1080w, https:\/\/blogsaverroes.juntadeandalucia.es\/iesjuliorodriguez\/files\/2019\/03\/IMG_20190315_143442-1280x960.jpg 1280w, https:\/\/blogsaverroes.juntadeandalucia.es\/iesjuliorodriguez\/files\/2019\/03\/IMG_20190315_143442-980x735.jpg 980w, https:\/\/blogsaverroes.juntadeandalucia.es\/iesjuliorodriguez\/files\/2019\/03\/IMG_20190315_143442-480x360.jpg 480w\" sizes=\"(max-width: 300px) 100vw, 300px\" \/><\/a><a href=\"https:\/\/blogsaverroes.juntadeandalucia.es\/iesjuliorodriguez\/files\/2019\/03\/IMG_20190311_095009.jpg\"><img loading=\"lazy\" decoding=\"async\" class=\"alignnone size-medium wp-image-1840\" src=\"http:\/\/iesjuliorodriguez.es\/wordpress\/wp-content\/uploads\/2019\/03\/IMG_20190311_095009-300x225.jpg\" alt=\"\" width=\"300\" height=\"225\" srcset=\"https:\/\/blogsaverroes.juntadeandalucia.es\/iesjuliorodriguez\/files\/2019\/03\/IMG_20190311_095009-300x225.jpg 300w, https:\/\/blogsaverroes.juntadeandalucia.es\/iesjuliorodriguez\/files\/2019\/03\/IMG_20190311_095009-1024x768.jpg 1024w, https:\/\/blogsaverroes.juntadeandalucia.es\/iesjuliorodriguez\/files\/2019\/03\/IMG_20190311_095009-768x576.jpg 768w, https:\/\/blogsaverroes.juntadeandalucia.es\/iesjuliorodriguez\/files\/2019\/03\/IMG_20190311_095009-1536x1152.jpg 1536w, https:\/\/blogsaverroes.juntadeandalucia.es\/iesjuliorodriguez\/files\/2019\/03\/IMG_20190311_095009-2048x1536.jpg 2048w, https:\/\/blogsaverroes.juntadeandalucia.es\/iesjuliorodriguez\/files\/2019\/03\/IMG_20190311_095009-510x382.jpg 510w, https:\/\/blogsaverroes.juntadeandalucia.es\/iesjuliorodriguez\/files\/2019\/03\/IMG_20190311_095009-1080x810.jpg 1080w, https:\/\/blogsaverroes.juntadeandalucia.es\/iesjuliorodriguez\/files\/2019\/03\/IMG_20190311_095009-1280x960.jpg 1280w, https:\/\/blogsaverroes.juntadeandalucia.es\/iesjuliorodriguez\/files\/2019\/03\/IMG_20190311_095009-980x735.jpg 980w, https:\/\/blogsaverroes.juntadeandalucia.es\/iesjuliorodriguez\/files\/2019\/03\/IMG_20190311_095009-480x360.jpg 480w\" sizes=\"(max-width: 300px) 100vw, 300px\" \/><\/a> <a href=\"https:\/\/blogsaverroes.juntadeandalucia.es\/iesjuliorodriguez\/files\/2019\/03\/IMG_20190315_110853.jpg\"><img loading=\"lazy\" decoding=\"async\" class=\"alignnone size-medium wp-image-1841\" src=\"http:\/\/iesjuliorodriguez.es\/wordpress\/wp-content\/uploads\/2019\/03\/IMG_20190315_110853-300x225.jpg\" alt=\"\" width=\"300\" height=\"225\" srcset=\"https:\/\/blogsaverroes.juntadeandalucia.es\/iesjuliorodriguez\/files\/2019\/03\/IMG_20190315_110853-300x225.jpg 300w, https:\/\/blogsaverroes.juntadeandalucia.es\/iesjuliorodriguez\/files\/2019\/03\/IMG_20190315_110853-1024x768.jpg 1024w, https:\/\/blogsaverroes.juntadeandalucia.es\/iesjuliorodriguez\/files\/2019\/03\/IMG_20190315_110853-768x576.jpg 768w, https:\/\/blogsaverroes.juntadeandalucia.es\/iesjuliorodriguez\/files\/2019\/03\/IMG_20190315_110853-1536x1152.jpg 1536w, https:\/\/blogsaverroes.juntadeandalucia.es\/iesjuliorodriguez\/files\/2019\/03\/IMG_20190315_110853-2048x1536.jpg 2048w, https:\/\/blogsaverroes.juntadeandalucia.es\/iesjuliorodriguez\/files\/2019\/03\/IMG_20190315_110853-510x382.jpg 510w, https:\/\/blogsaverroes.juntadeandalucia.es\/iesjuliorodriguez\/files\/2019\/03\/IMG_20190315_110853-1080x810.jpg 1080w, https:\/\/blogsaverroes.juntadeandalucia.es\/iesjuliorodriguez\/files\/2019\/03\/IMG_20190315_110853-1280x960.jpg 1280w, https:\/\/blogsaverroes.juntadeandalucia.es\/iesjuliorodriguez\/files\/2019\/03\/IMG_20190315_110853-980x735.jpg 980w, https:\/\/blogsaverroes.juntadeandalucia.es\/iesjuliorodriguez\/files\/2019\/03\/IMG_20190315_110853-480x360.jpg 480w\" sizes=\"(max-width: 300px) 100vw, 300px\" \/><\/a> <a href=\"https:\/\/blogsaverroes.juntadeandalucia.es\/iesjuliorodriguez\/files\/2019\/03\/IMG-20190315-WA0045.jpg\"><img loading=\"lazy\" decoding=\"async\" class=\"alignnone size-medium wp-image-1843\" src=\"http:\/\/iesjuliorodriguez.es\/wordpress\/wp-content\/uploads\/2019\/03\/IMG-20190315-WA0045-300x224.jpg\" alt=\"\" width=\"300\" height=\"224\" srcset=\"https:\/\/blogsaverroes.juntadeandalucia.es\/iesjuliorodriguez\/files\/2019\/03\/IMG-20190315-WA0045-300x224.jpg 300w, https:\/\/blogsaverroes.juntadeandalucia.es\/iesjuliorodriguez\/files\/2019\/03\/IMG-20190315-WA0045-768x574.jpg 768w, https:\/\/blogsaverroes.juntadeandalucia.es\/iesjuliorodriguez\/files\/2019\/03\/IMG-20190315-WA0045-510x382.jpg 510w, https:\/\/blogsaverroes.juntadeandalucia.es\/iesjuliorodriguez\/files\/2019\/03\/IMG-20190315-WA0045-980x732.jpg 980w, https:\/\/blogsaverroes.juntadeandalucia.es\/iesjuliorodriguez\/files\/2019\/03\/IMG-20190315-WA0045-480x359.jpg 480w, https:\/\/blogsaverroes.juntadeandalucia.es\/iesjuliorodriguez\/files\/2019\/03\/IMG-20190315-WA0045.jpg 1024w\" sizes=\"(max-width: 300px) 100vw, 300px\" \/><\/a> <a href=\"https:\/\/blogsaverroes.juntadeandalucia.es\/iesjuliorodriguez\/files\/2019\/03\/IMG-20190318-WA0004.jpg\"><img loading=\"lazy\" decoding=\"async\" class=\"alignnone size-medium wp-image-1844\" src=\"http:\/\/iesjuliorodriguez.es\/wordpress\/wp-content\/uploads\/2019\/03\/IMG-20190318-WA0004-300x224.jpg\" alt=\"\" width=\"300\" height=\"224\" srcset=\"https:\/\/blogsaverroes.juntadeandalucia.es\/iesjuliorodriguez\/files\/2019\/03\/IMG-20190318-WA0004-300x224.jpg 300w, https:\/\/blogsaverroes.juntadeandalucia.es\/iesjuliorodriguez\/files\/2019\/03\/IMG-20190318-WA0004-768x574.jpg 768w, https:\/\/blogsaverroes.juntadeandalucia.es\/iesjuliorodriguez\/files\/2019\/03\/IMG-20190318-WA0004-510x382.jpg 510w, https:\/\/blogsaverroes.juntadeandalucia.es\/iesjuliorodriguez\/files\/2019\/03\/IMG-20190318-WA0004-980x732.jpg 980w, https:\/\/blogsaverroes.juntadeandalucia.es\/iesjuliorodriguez\/files\/2019\/03\/IMG-20190318-WA0004-480x359.jpg 480w, https:\/\/blogsaverroes.juntadeandalucia.es\/iesjuliorodriguez\/files\/2019\/03\/IMG-20190318-WA0004.jpg 1024w\" sizes=\"(max-width: 300px) 100vw, 300px\" \/><\/a> <a href=\"https:\/\/blogsaverroes.juntadeandalucia.es\/iesjuliorodriguez\/files\/2019\/03\/IMG_20190315_123437.jpg\"><img loading=\"lazy\" decoding=\"async\" class=\"alignnone size-medium wp-image-1845\" src=\"http:\/\/iesjuliorodriguez.es\/wordpress\/wp-content\/uploads\/2019\/03\/IMG_20190315_123437-300x225.jpg\" alt=\"\" width=\"300\" height=\"225\" srcset=\"https:\/\/blogsaverroes.juntadeandalucia.es\/iesjuliorodriguez\/files\/2019\/03\/IMG_20190315_123437-300x225.jpg 300w, https:\/\/blogsaverroes.juntadeandalucia.es\/iesjuliorodriguez\/files\/2019\/03\/IMG_20190315_123437-1024x768.jpg 1024w, https:\/\/blogsaverroes.juntadeandalucia.es\/iesjuliorodriguez\/files\/2019\/03\/IMG_20190315_123437-768x576.jpg 768w, https:\/\/blogsaverroes.juntadeandalucia.es\/iesjuliorodriguez\/files\/2019\/03\/IMG_20190315_123437-1536x1152.jpg 1536w, https:\/\/blogsaverroes.juntadeandalucia.es\/iesjuliorodriguez\/files\/2019\/03\/IMG_20190315_123437-2048x1536.jpg 2048w, https:\/\/blogsaverroes.juntadeandalucia.es\/iesjuliorodriguez\/files\/2019\/03\/IMG_20190315_123437-510x382.jpg 510w, https:\/\/blogsaverroes.juntadeandalucia.es\/iesjuliorodriguez\/files\/2019\/03\/IMG_20190315_123437-1080x810.jpg 1080w, https:\/\/blogsaverroes.juntadeandalucia.es\/iesjuliorodriguez\/files\/2019\/03\/IMG_20190315_123437-1280x960.jpg 1280w, https:\/\/blogsaverroes.juntadeandalucia.es\/iesjuliorodriguez\/files\/2019\/03\/IMG_20190315_123437-980x735.jpg 980w, https:\/\/blogsaverroes.juntadeandalucia.es\/iesjuliorodriguez\/files\/2019\/03\/IMG_20190315_123437-480x360.jpg 480w\" sizes=\"(max-width: 300px) 100vw, 300px\" \/><\/a><\/p>\n<p>&nbsp;<\/p>\n","protected":false},"excerpt":{"rendered":"<p>Durante la semana del 11 al 15 de marzo hemos celebrado nuestra 1\u00aa semana cultural dedicada a Irlanda, haci\u00e9ndola coincidir con la fecha de la festividad de San Patricio (17 de marzo). En ella hemos intentado dar a conocer diferentes aspectos de la cultura de ese pa\u00eds, tales como la danza popular irlandesa, citas y [&hellip;]<\/p>\n","protected":false},"author":19333,"featured_media":0,"comment_status":"closed","ping_status":"closed","sticky":false,"template":"","format":"standard","meta":{"_et_pb_use_builder":"","_et_pb_old_content":"","_et_gb_content_width":"","ngg_post_thumbnail":0,"footnotes":""},"categories":[10,14,22,36],"tags":[],"aioseo_notices":[],"_links":{"self":[{"href":"https:\/\/blogsaverroes.juntadeandalucia.es\/iesjuliorodriguez\/wp-json\/wp\/v2\/posts\/1839"}],"collection":[{"href":"https:\/\/blogsaverroes.juntadeandalucia.es\/iesjuliorodriguez\/wp-json\/wp\/v2\/posts"}],"about":[{"href":"https:\/\/blogsaverroes.juntadeandalucia.es\/iesjuliorodriguez\/wp-json\/wp\/v2\/types\/post"}],"author":[{"embeddable":true,"href":"https:\/\/blogsaverroes.juntadeandalucia.es\/iesjuliorodriguez\/wp-json\/wp\/v2\/users\/19333"}],"replies":[{"embeddable":true,"href":"https:\/\/blogsaverroes.juntadeandalucia.es\/iesjuliorodriguez\/wp-json\/wp\/v2\/comments?post=1839"}],"version-history":[{"count":0,"href":"https:\/\/blogsaverroes.juntadeandalucia.es\/iesjuliorodriguez\/wp-json\/wp\/v2\/posts\/1839\/revisions"}],"wp:attachment":[{"href":"https:\/\/blogsaverroes.juntadeandalucia.es\/iesjuliorodriguez\/wp-json\/wp\/v2\/media?parent=1839"}],"wp:term":[{"taxonomy":"category","embeddable":true,"href":"https:\/\/blogsaverroes.juntadeandalucia.es\/iesjuliorodriguez\/wp-json\/wp\/v2\/categories?post=1839"},{"taxonomy":"post_tag","embeddable":true,"href":"https:\/\/blogsaverroes.juntadeandalucia.es\/iesjuliorodriguez\/wp-json\/wp\/v2\/tags?post=1839"}],"curies":[{"name":"wp","href":"https:\/\/api.w.org\/{rel}","templated":true}]}}