{"id":1906,"date":"2019-04-27T21:03:57","date_gmt":"2019-04-27T19:03:57","guid":{"rendered":"http:\/\/iesjuliorodriguez.es\/?p=1906"},"modified":"2019-04-27T21:03:57","modified_gmt":"2019-04-27T19:03:57","slug":"fallas-y-terremotos","status":"publish","type":"post","link":"https:\/\/blogsaverroes.juntadeandalucia.es\/iesjuliorodriguez\/fallas-y-terremotos\/","title":{"rendered":"Fallas y Terremotos"},"content":{"rendered":"\n<p>\n\nEl pasado 5 de Abril nos visit\u00f3 la profesora Patricia Ruano del departamento de Geodin\u00e1mica de la Facultad de Ciencias de la Universidad de Granada para dar una charla sobre Fallas y Terremotos. Los alumnos de 4 de ESO repasaron conceptos y recordaron las medidas b\u00e1sicas de seguridad frente a un se\u00edsmo. Terminamos con un curioso experimento que demuestra que, a d\u00eda de hoy, los terremotos no se pueden predecir.\n\n<\/p>\n\n\n\n<figure class=\"wp-block-image\"><img decoding=\"async\" src=\"http:\/\/iesjuliorodriguez.es\/wordpress\/wp-content\/uploads\/2019\/04\/57333583_1295573703931948_7925235123874693120_o-1024x768.jpg\" alt=\"\" class=\"wp-image-1907\" \/><\/figure>\n","protected":false},"excerpt":{"rendered":"<p>El pasado 5 de Abril nos visit\u00f3 la profesora Patricia Ruano del departamento de Geodin\u00e1mica de la Facultad de Ciencias de la Universidad de Granada para dar una charla sobre Fallas y Terremotos. Los alumnos de 4 de ESO repasaron conceptos y recordaron las medidas b\u00e1sicas de seguridad frente a un se\u00edsmo. Terminamos con un [&hellip;]<\/p>\n","protected":false},"author":19333,"featured_media":0,"comment_status":"closed","ping_status":"closed","sticky":false,"template":"","format":"standard","meta":{"_et_pb_use_builder":"","_et_pb_old_content":"","_et_gb_content_width":"","ngg_post_thumbnail":0,"footnotes":""},"categories":[22,29],"tags":[],"aioseo_notices":[],"_links":{"self":[{"href":"https:\/\/blogsaverroes.juntadeandalucia.es\/iesjuliorodriguez\/wp-json\/wp\/v2\/posts\/1906"}],"collection":[{"href":"https:\/\/blogsaverroes.juntadeandalucia.es\/iesjuliorodriguez\/wp-json\/wp\/v2\/posts"}],"about":[{"href":"https:\/\/blogsaverroes.juntadeandalucia.es\/iesjuliorodriguez\/wp-json\/wp\/v2\/types\/post"}],"author":[{"embeddable":true,"href":"https:\/\/blogsaverroes.juntadeandalucia.es\/iesjuliorodriguez\/wp-json\/wp\/v2\/users\/19333"}],"replies":[{"embeddable":true,"href":"https:\/\/blogsaverroes.juntadeandalucia.es\/iesjuliorodriguez\/wp-json\/wp\/v2\/comments?post=1906"}],"version-history":[{"count":0,"href":"https:\/\/blogsaverroes.juntadeandalucia.es\/iesjuliorodriguez\/wp-json\/wp\/v2\/posts\/1906\/revisions"}],"wp:attachment":[{"href":"https:\/\/blogsaverroes.juntadeandalucia.es\/iesjuliorodriguez\/wp-json\/wp\/v2\/media?parent=1906"}],"wp:term":[{"taxonomy":"category","embeddable":true,"href":"https:\/\/blogsaverroes.juntadeandalucia.es\/iesjuliorodriguez\/wp-json\/wp\/v2\/categories?post=1906"},{"taxonomy":"post_tag","embeddable":true,"href":"https:\/\/blogsaverroes.juntadeandalucia.es\/iesjuliorodriguez\/wp-json\/wp\/v2\/tags?post=1906"}],"curies":[{"name":"wp","href":"https:\/\/api.w.org\/{rel}","templated":true}]}}