{"id":200,"date":"2012-12-11T08:08:32","date_gmt":"2012-12-11T08:08:32","guid":{"rendered":"http:\/\/iesjuliorodriguez.es\/wordpress\/?p=200"},"modified":"2012-12-11T08:08:32","modified_gmt":"2012-12-11T08:08:32","slug":"la-alcaldesa-de-motril-visito-nuestro-ies-con-motivo-del-dia-de-la-constitucion-2","status":"publish","type":"post","link":"https:\/\/blogsaverroes.juntadeandalucia.es\/iesjuliorodriguez\/la-alcaldesa-de-motril-visito-nuestro-ies-con-motivo-del-dia-de-la-constitucion-2\/","title":{"rendered":"La Alcaldesa de Motril visit\u00f3 nuestro IES con motivo del D\u00eda de la Constituci\u00f3n"},"content":{"rendered":"<p>La alcaldesa de Motril, D\u00f1a. Mar\u00eda Luisa Garc\u00eda Chamorro, visit\u00f3 nuestro Centro para conmemorar el 34 aniversario de la Carta Magna, en la charla record\u00f3 que realiz\u00f3 sus estudios durante cuatro a\u00f1os en el IES y transmiti\u00f3 a los j\u00f3venes la emoci\u00f3n que sent\u00eda al recorrerlo de nuevo, as\u00ed mismo, firm\u00f3 el libro de honor del Instituto.<\/p>\n<div class=\"pi_wrap_fipg\">\u00a0<\/div>\n<p>\u00a0<\/p>\n\n\n<figure class=\"wp-block-gallery has-nested-images columns-2 is-cropped wp-block-gallery-1 is-layout-flex wp-block-gallery-is-layout-flex\">\n<figure class=\"wp-block-image size-large\"><a href=\"https:\/\/blogsaverroes.juntadeandalucia.es\/iesjuliorodriguez\/files\/2023\/09\/DSCF1299-scaled-1.jpg\"><img decoding=\"async\" data-id=\"6640\" src=\"https:\/\/iesjuliorodriguez.es\/wordpress\/wp-content\/uploads\/2023\/09\/DSCF1299-1024x768.jpg\" alt=\"\" class=\"wp-image-6640\" \/><\/a><\/figure>\n\n\n\n<figure class=\"wp-block-image size-large\"><a href=\"https:\/\/blogsaverroes.juntadeandalucia.es\/iesjuliorodriguez\/files\/2023\/09\/DSCF1300-scaled-1.jpg\"><img decoding=\"async\" data-id=\"6637\" src=\"https:\/\/iesjuliorodriguez.es\/wordpress\/wp-content\/uploads\/2023\/09\/DSCF1300-1024x768.jpg\" alt=\"\" class=\"wp-image-6637\" \/><\/a><\/figure>\n\n\n\n<figure class=\"wp-block-image size-large\"><a href=\"https:\/\/blogsaverroes.juntadeandalucia.es\/iesjuliorodriguez\/files\/2023\/09\/DSCF1303-scaled-1.jpg\"><img decoding=\"async\" data-id=\"6638\" src=\"https:\/\/iesjuliorodriguez.es\/wordpress\/wp-content\/uploads\/2023\/09\/DSCF1303-1024x768.jpg\" alt=\"\" class=\"wp-image-6638\" \/><\/a><\/figure>\n\n\n\n<figure class=\"wp-block-image size-large\"><a href=\"https:\/\/blogsaverroes.juntadeandalucia.es\/iesjuliorodriguez\/files\/2023\/09\/DSCF1305-scaled-1.jpg\"><img decoding=\"async\" data-id=\"6639\" src=\"https:\/\/iesjuliorodriguez.es\/wordpress\/wp-content\/uploads\/2023\/09\/DSCF1305-1024x768.jpg\" alt=\"\" class=\"wp-image-6639\" \/><\/a><\/figure>\n<\/figure>\n","protected":false},"excerpt":{"rendered":"<p>La alcaldesa de Motril, D\u00f1a. Mar\u00eda Luisa Garc\u00eda Chamorro, visit\u00f3 nuestro Centro para conmemorar el 34 aniversario de la Carta Magna, en la charla record\u00f3 que realiz\u00f3 sus estudios durante cuatro a\u00f1os en el IES y transmiti\u00f3 a los j\u00f3venes la emoci\u00f3n que sent\u00eda al recorrerlo de nuevo, as\u00ed mismo, firm\u00f3 el libro de honor [&hellip;]<\/p>\n","protected":false},"author":19333,"featured_media":6651,"comment_status":"open","ping_status":"open","sticky":false,"template":"","format":"standard","meta":{"_et_pb_use_builder":"","_et_pb_old_content":"","_et_gb_content_width":"","ngg_post_thumbnail":0,"footnotes":""},"categories":[10,20],"tags":[],"aioseo_notices":[],"_links":{"self":[{"href":"https:\/\/blogsaverroes.juntadeandalucia.es\/iesjuliorodriguez\/wp-json\/wp\/v2\/posts\/200"}],"collection":[{"href":"https:\/\/blogsaverroes.juntadeandalucia.es\/iesjuliorodriguez\/wp-json\/wp\/v2\/posts"}],"about":[{"href":"https:\/\/blogsaverroes.juntadeandalucia.es\/iesjuliorodriguez\/wp-json\/wp\/v2\/types\/post"}],"author":[{"embeddable":true,"href":"https:\/\/blogsaverroes.juntadeandalucia.es\/iesjuliorodriguez\/wp-json\/wp\/v2\/users\/19333"}],"replies":[{"embeddable":true,"href":"https:\/\/blogsaverroes.juntadeandalucia.es\/iesjuliorodriguez\/wp-json\/wp\/v2\/comments?post=200"}],"version-history":[{"count":0,"href":"https:\/\/blogsaverroes.juntadeandalucia.es\/iesjuliorodriguez\/wp-json\/wp\/v2\/posts\/200\/revisions"}],"wp:featuredmedia":[{"embeddable":true,"href":"https:\/\/blogsaverroes.juntadeandalucia.es\/iesjuliorodriguez\/wp-json\/wp\/v2\/media\/6651"}],"wp:attachment":[{"href":"https:\/\/blogsaverroes.juntadeandalucia.es\/iesjuliorodriguez\/wp-json\/wp\/v2\/media?parent=200"}],"wp:term":[{"taxonomy":"category","embeddable":true,"href":"https:\/\/blogsaverroes.juntadeandalucia.es\/iesjuliorodriguez\/wp-json\/wp\/v2\/categories?post=200"},{"taxonomy":"post_tag","embeddable":true,"href":"https:\/\/blogsaverroes.juntadeandalucia.es\/iesjuliorodriguez\/wp-json\/wp\/v2\/tags?post=200"}],"curies":[{"name":"wp","href":"https:\/\/api.w.org\/{rel}","templated":true}]}}