{"id":213,"date":"2013-06-06T19:06:33","date_gmt":"2013-06-06T19:06:33","guid":{"rendered":"http:\/\/iesjuliorodriguez.es\/wordpress\/?p=213"},"modified":"2013-06-06T19:06:33","modified_gmt":"2013-06-06T19:06:33","slug":"v-concurso-fotografia-deporte-y-naturaleza","status":"publish","type":"post","link":"https:\/\/blogsaverroes.juntadeandalucia.es\/iesjuliorodriguez\/v-concurso-fotografia-deporte-y-naturaleza\/","title":{"rendered":"V CONCURSO FOTOGRAF\u00cdA &#8220;DEPORTE Y NATURALEZA&#8221;"},"content":{"rendered":"<p><span style=\"color: #333333;font-family: 'lucida grande',tahoma,verdana,arial,sans-serif;font-size: 13px;line-height: 18px\">Ya est\u00e1n expuestas las fotos finalistas de la V Edici\u00f3n del Concurso de Fotograf\u00eda &#8220;Deporte y Naturaleza&#8221; en el Patio de los Naranjos del IES Julio Rodr\u00edguez.<\/span><br style=\"color: #333333;font-family: 'lucida grande',tahoma,verdana,arial,sans-serif;font-size: 13px;line-height: 18px\" \/> <span style=\"color: #333333;font-family: 'lucida grande',tahoma,verdana,arial,sans-serif;font-size: 13px;line-height: 18px\">El fallo del Jurado se har\u00e1 p\u00fablico el d\u00eda 12 de junio.<\/span><\/p>\n<p><span style=\"color: #333333;font-family: 'lucida grande',tahoma,verdana,arial,sans-serif;font-size: 13px;line-height: 18px\"><img loading=\"lazy\" decoding=\"async\" class=\" size-full wp-image-212\" src=\"https:\/\/blogsaverroes.juntadeandalucia.es\/iesjuliorodriguez\/files\/2013\/06\/DSC01749.jpg\" alt=\"\" width=\"600\" height=\"450\" border=\"0\" \/><\/span><\/p>\n","protected":false},"excerpt":{"rendered":"<p>Ya est\u00e1n expuestas las fotos finalistas de la V Edici\u00f3n del Concurso de Fotograf\u00eda &#8220;Deporte y Naturaleza&#8221; en el Patio de los Naranjos del IES Julio Rodr\u00edguez. El fallo del Jurado se har\u00e1 p\u00fablico el d\u00eda 12 de junio.<\/p>\n","protected":false},"author":19333,"featured_media":212,"comment_status":"open","ping_status":"open","sticky":false,"template":"","format":"standard","meta":{"_et_pb_use_builder":"","_et_pb_old_content":"","_et_gb_content_width":"","ngg_post_thumbnail":0,"footnotes":""},"categories":[10,20,30],"tags":[],"aioseo_notices":[],"_links":{"self":[{"href":"https:\/\/blogsaverroes.juntadeandalucia.es\/iesjuliorodriguez\/wp-json\/wp\/v2\/posts\/213"}],"collection":[{"href":"https:\/\/blogsaverroes.juntadeandalucia.es\/iesjuliorodriguez\/wp-json\/wp\/v2\/posts"}],"about":[{"href":"https:\/\/blogsaverroes.juntadeandalucia.es\/iesjuliorodriguez\/wp-json\/wp\/v2\/types\/post"}],"author":[{"embeddable":true,"href":"https:\/\/blogsaverroes.juntadeandalucia.es\/iesjuliorodriguez\/wp-json\/wp\/v2\/users\/19333"}],"replies":[{"embeddable":true,"href":"https:\/\/blogsaverroes.juntadeandalucia.es\/iesjuliorodriguez\/wp-json\/wp\/v2\/comments?post=213"}],"version-history":[{"count":0,"href":"https:\/\/blogsaverroes.juntadeandalucia.es\/iesjuliorodriguez\/wp-json\/wp\/v2\/posts\/213\/revisions"}],"wp:featuredmedia":[{"embeddable":true,"href":"https:\/\/blogsaverroes.juntadeandalucia.es\/iesjuliorodriguez\/wp-json\/wp\/v2\/media\/212"}],"wp:attachment":[{"href":"https:\/\/blogsaverroes.juntadeandalucia.es\/iesjuliorodriguez\/wp-json\/wp\/v2\/media?parent=213"}],"wp:term":[{"taxonomy":"category","embeddable":true,"href":"https:\/\/blogsaverroes.juntadeandalucia.es\/iesjuliorodriguez\/wp-json\/wp\/v2\/categories?post=213"},{"taxonomy":"post_tag","embeddable":true,"href":"https:\/\/blogsaverroes.juntadeandalucia.es\/iesjuliorodriguez\/wp-json\/wp\/v2\/tags?post=213"}],"curies":[{"name":"wp","href":"https:\/\/api.w.org\/{rel}","templated":true}]}}