{"id":2475,"date":"2020-03-16T09:32:30","date_gmt":"2020-03-16T08:32:30","guid":{"rendered":"http:\/\/iesjuliorodriguez.es\/?p=2475"},"modified":"2020-03-16T09:32:30","modified_gmt":"2020-03-16T08:32:30","slug":"cierre-del-centro","status":"publish","type":"post","link":"https:\/\/blogsaverroes.juntadeandalucia.es\/iesjuliorodriguez\/cierre-del-centro\/","title":{"rendered":"Cierre del centro"},"content":{"rendered":"\n<p>Ante la publicaci\u00f3n del Real Decreto por\nel que se declara el estado de alarma para la gesti\u00f3n de la situaci\u00f3n de crisis\nsanitaria ocasionada por el COVID-19, en la que entre otras consideraciones,\nadem\u00e1s de la <strong>suspensi\u00f3n de la actividad\neducativa presencial<\/strong>, se contempla la <strong>suspensi\u00f3n\nde los plazos administrativos<\/strong>, la Consejer\u00eda de Educaci\u00f3n y Deporte de la\nJunta de Andaluc\u00eda ha adoptado, en principio, las siguientes medidas durante 2\nsemanas:<\/p>\n\n\n\n<p>1. <strong>Los\ncentros educativos permanecer\u00e1n cerrados<\/strong>. El seguimiento de las actividades\neducativas se har\u00e1, cuando sea posible, &nbsp;por medios telem\u00e1ticos.<\/p>\n\n\n\n<p>2. Se ha habilitado una herramienta que\npermite solicitar plaza escolar en las ense\u00f1anzas de r\u00e9gimen general de manera\nsimplificada, necesitando tan solo el <strong>n\u00famero\nde DNI y un tel\u00e9fono m\u00f3vil<\/strong>, sin perjuicio de que se determinen nuevos\nplazos. Se entender\u00e1 por momento de presentaci\u00f3n de dichas solicitudes la fecha\nen que se reanude el plazo. <\/p>\n\n\n\n<p>El <strong>tel\u00e9fono\nde la secretar\u00eda del centro<\/strong> es <strong>671536963<\/strong>. El horario en el que\nse podr\u00e1 llamar ser\u00e1 de 10 a 13 horas durante los d\u00edas lectivos.<\/p>\n\n\n\n<p><strong>Para presentar la solicitud de escolarizac\u00ed\u00f3n, tambi\u00e9n se podr\u00e1n utilizar,\nsiempre que sea posible, los formularios de solicitud telem\u00e1tica disponibles en\nla p\u00e1gina web de escolarizaci\u00f3n de la Junta de Andaluc\u00eda.<\/strong><\/p>\n\n\n\n<p><strong>La Direcci\u00f3n del Centro<\/strong><\/p>\n\n\n\n<p><strong>IES Julio Rodr\u00edguez<\/strong><\/p>\n","protected":false},"excerpt":{"rendered":"<p>Ante la publicaci\u00f3n del Real Decreto por el que se declara el estado de alarma para la gesti\u00f3n de la situaci\u00f3n de crisis sanitaria ocasionada por el COVID-19, en la que entre otras consideraciones, adem\u00e1s de la suspensi\u00f3n de la actividad educativa presencial, se contempla la suspensi\u00f3n de los plazos administrativos, la Consejer\u00eda de Educaci\u00f3n [&hellip;]<\/p>\n","protected":false},"author":19333,"featured_media":0,"comment_status":"closed","ping_status":"closed","sticky":false,"template":"","format":"standard","meta":{"_et_pb_use_builder":"","_et_pb_old_content":"","_et_gb_content_width":"","ngg_post_thumbnail":0,"footnotes":""},"categories":[23,45,47],"tags":[],"aioseo_notices":[],"_links":{"self":[{"href":"https:\/\/blogsaverroes.juntadeandalucia.es\/iesjuliorodriguez\/wp-json\/wp\/v2\/posts\/2475"}],"collection":[{"href":"https:\/\/blogsaverroes.juntadeandalucia.es\/iesjuliorodriguez\/wp-json\/wp\/v2\/posts"}],"about":[{"href":"https:\/\/blogsaverroes.juntadeandalucia.es\/iesjuliorodriguez\/wp-json\/wp\/v2\/types\/post"}],"author":[{"embeddable":true,"href":"https:\/\/blogsaverroes.juntadeandalucia.es\/iesjuliorodriguez\/wp-json\/wp\/v2\/users\/19333"}],"replies":[{"embeddable":true,"href":"https:\/\/blogsaverroes.juntadeandalucia.es\/iesjuliorodriguez\/wp-json\/wp\/v2\/comments?post=2475"}],"version-history":[{"count":0,"href":"https:\/\/blogsaverroes.juntadeandalucia.es\/iesjuliorodriguez\/wp-json\/wp\/v2\/posts\/2475\/revisions"}],"wp:attachment":[{"href":"https:\/\/blogsaverroes.juntadeandalucia.es\/iesjuliorodriguez\/wp-json\/wp\/v2\/media?parent=2475"}],"wp:term":[{"taxonomy":"category","embeddable":true,"href":"https:\/\/blogsaverroes.juntadeandalucia.es\/iesjuliorodriguez\/wp-json\/wp\/v2\/categories?post=2475"},{"taxonomy":"post_tag","embeddable":true,"href":"https:\/\/blogsaverroes.juntadeandalucia.es\/iesjuliorodriguez\/wp-json\/wp\/v2\/tags?post=2475"}],"curies":[{"name":"wp","href":"https:\/\/api.w.org\/{rel}","templated":true}]}}