{"id":2747,"date":"2021-02-04T19:52:40","date_gmt":"2021-02-04T18:52:40","guid":{"rendered":"http:\/\/iesjuliorodriguez.es\/?p=2747"},"modified":"2021-02-04T19:52:40","modified_gmt":"2021-02-04T18:52:40","slug":"dia-de-la-paz-2","status":"publish","type":"post","link":"https:\/\/blogsaverroes.juntadeandalucia.es\/iesjuliorodriguez\/dia-de-la-paz-2\/","title":{"rendered":"D\u00eda de la Paz"},"content":{"rendered":"\n<p>El d\u00eda 30 de enero se celebra el D\u00eda de La Paz. Desde el IES Julio Rodr\u00edguez hemos queridos conmemorarlo con el cuento breve : \u201cMil grullas\u201d, de Elsa Borneman.<br>\u201cSadako Sasaki s\u00f3lo ten\u00eda dos a\u00f1os de vida cuando la bomba at\u00f3mica cay\u00f3 en su ciudad, Hirosima, y nueve a\u00f1os despu\u00e9s se le detect\u00f3 leucemia, una enfermedad causada por la irradiaci\u00f3n de la bomba. Cuando estaba en el hospital una amiga suya le trajo una grulla de papel y le cont\u00f3 que una antigua leyenda japonesa aseguraba que la grulla vive mil a\u00f1os y que, si una persona enferma hace mil grullas de papel, los dioses le conceder\u00e1n su deseo de mejorarse. Sadako se puso a hacer grullas de papel con mucho entusiasmo, sin embargo falleci\u00f3 en octubre de 1955, sin poder finalizar las mil grullas\u201d. Los amigos y compa\u00f1eros de Sadako continuaron su misi\u00f3n e hicieron el resto para completar el n\u00famero. Ahora en el Parque de la Paz en Hiroshima hay una estatua de una ni\u00f1a sosteniendo una grulla en sus brazos abiertos. Cada a\u00f1o gente de todo el mundo hace grullas de papel y las manda a Hiroshima.<br>La grulla es s\u00edmbolo de la paz en las culturas orientales.<br>Pensamos que el hermoso cuento de Elsa Borneman podr\u00eda haber sido dedicado, \u201cIn memoriam\u201d, a la ni\u00f1a Sadako.<br>El \u201corigami\u201d es el arte de origen japon\u00e9s consistente en el plegado de papel para obtener figuras de forma variadas; en espa\u00f1ol se denomina papiroflexia.<\/p>\n\n\n\n<figure class=\"wp-block-gallery columns-1 is-cropped wp-block-gallery-1 is-layout-flex wp-block-gallery-is-layout-flex\"><ul class=\"blocks-gallery-grid\"><li class=\"blocks-gallery-item\"><figure><img loading=\"lazy\" decoding=\"async\" width=\"768\" height=\"768\" src=\"https:\/\/blogsaverroes.juntadeandalucia.es\/iesjuliorodriguez\/files\/2021\/02\/IMG_20210204_204159_635.jpg\" alt=\"\" data-id=\"2748\" data-full-url=\"https:\/\/blogsaverroes.juntadeandalucia.es\/iesjuliorodriguez\/files\/2021\/02\/IMG_20210204_204159_635.jpg\" data-link=\"http:\/\/iesjuliorodriguez.es\/?attachment_id=2748\" class=\"wp-image-2748\" srcset=\"https:\/\/blogsaverroes.juntadeandalucia.es\/iesjuliorodriguez\/files\/2021\/02\/IMG_20210204_204159_635.jpg 768w, https:\/\/blogsaverroes.juntadeandalucia.es\/iesjuliorodriguez\/files\/2021\/02\/IMG_20210204_204159_635-480x480.jpg 480w\" sizes=\"(min-width: 0px) and (max-width: 480px) 480px, (min-width: 481px) 768px, 100vw\" \/><\/figure><\/li><\/ul><\/figure>\n","protected":false},"excerpt":{"rendered":"<p>El d\u00eda 30 de enero se celebra el D\u00eda de La Paz. Desde el IES Julio Rodr\u00edguez hemos queridos conmemorarlo con el cuento breve : \u201cMil grullas\u201d, de Elsa Borneman.\u201cSadako Sasaki s\u00f3lo ten\u00eda dos a\u00f1os de vida cuando la bomba at\u00f3mica cay\u00f3 en su ciudad, Hirosima, y nueve a\u00f1os despu\u00e9s se le detect\u00f3 leucemia, una [&hellip;]<\/p>\n","protected":false},"author":19333,"featured_media":0,"comment_status":"closed","ping_status":"closed","sticky":false,"template":"","format":"standard","meta":{"_et_pb_use_builder":"","_et_pb_old_content":"","_et_gb_content_width":"","ngg_post_thumbnail":0,"footnotes":""},"categories":[10,24],"tags":[],"aioseo_notices":[],"_links":{"self":[{"href":"https:\/\/blogsaverroes.juntadeandalucia.es\/iesjuliorodriguez\/wp-json\/wp\/v2\/posts\/2747"}],"collection":[{"href":"https:\/\/blogsaverroes.juntadeandalucia.es\/iesjuliorodriguez\/wp-json\/wp\/v2\/posts"}],"about":[{"href":"https:\/\/blogsaverroes.juntadeandalucia.es\/iesjuliorodriguez\/wp-json\/wp\/v2\/types\/post"}],"author":[{"embeddable":true,"href":"https:\/\/blogsaverroes.juntadeandalucia.es\/iesjuliorodriguez\/wp-json\/wp\/v2\/users\/19333"}],"replies":[{"embeddable":true,"href":"https:\/\/blogsaverroes.juntadeandalucia.es\/iesjuliorodriguez\/wp-json\/wp\/v2\/comments?post=2747"}],"version-history":[{"count":0,"href":"https:\/\/blogsaverroes.juntadeandalucia.es\/iesjuliorodriguez\/wp-json\/wp\/v2\/posts\/2747\/revisions"}],"wp:attachment":[{"href":"https:\/\/blogsaverroes.juntadeandalucia.es\/iesjuliorodriguez\/wp-json\/wp\/v2\/media?parent=2747"}],"wp:term":[{"taxonomy":"category","embeddable":true,"href":"https:\/\/blogsaverroes.juntadeandalucia.es\/iesjuliorodriguez\/wp-json\/wp\/v2\/categories?post=2747"},{"taxonomy":"post_tag","embeddable":true,"href":"https:\/\/blogsaverroes.juntadeandalucia.es\/iesjuliorodriguez\/wp-json\/wp\/v2\/tags?post=2747"}],"curies":[{"name":"wp","href":"https:\/\/api.w.org\/{rel}","templated":true}]}}