{"id":2767,"date":"2021-02-18T18:17:37","date_gmt":"2021-02-18T17:17:37","guid":{"rendered":"http:\/\/iesjuliorodriguez.es\/?p=2767"},"modified":"2021-02-18T18:17:37","modified_gmt":"2021-02-18T17:17:37","slug":"concurso-arte-y-literatura","status":"publish","type":"post","link":"https:\/\/blogsaverroes.juntadeandalucia.es\/iesjuliorodriguez\/concurso-arte-y-literatura\/","title":{"rendered":"Concurso arte y literatura"},"content":{"rendered":"\n<p><strong>ARTE Y LITERATURA<\/strong><\/p>\n\n\n\n<p><strong>POES\u00cdA ILUSTRADA<\/strong><\/p>\n\n\n\n<p><strong>(Modalidad ilustraci\u00f3n)<\/strong><\/p>\n\n\n\n<ul><li><strong>Elige un poema de una autora o autor que te guste en el idioma que prefieras. Habla con tus profesores de lengua e idiomas o tu tutor\/a si necesitas alguna orientaci\u00f3n.<\/strong><\/li><li><strong>Pide una plantilla para entregar tu trabajo. En ella tendr\u00e1s que hacer la ilustraci\u00f3n e indicar tus datos personales, la obra y el autor que hayas elegido.<\/strong><\/li><li><strong>Lee la obra intentando captar su mensaje y haz una ilustraci\u00f3n en la que se refleje lo que el poema te inspira. Puedes centrarte en la obra en conjunto o en alg\u00fan detalle particular de la misma.<\/strong><\/li><\/ul>\n\n\n\n<p><strong>ARTE CON PALABRAS<\/strong><\/p>\n\n\n\n<p><strong>(modalidad poes\u00eda)<\/strong><\/p>\n\n\n\n<ul><li><strong>Elige una obra art\u00edstica del tipo que prefieras (pintura, fotograf\u00eda, dibujo, escultura, etc).<\/strong><\/li><li><strong>Partiendo de la obra elegida, escribe un poema breve (m\u00e1ximo 20 l\u00edneas) en el que se refleje lo que tal obra te inspira.<\/strong><\/li><li><strong>Pide una plantilla para entregar tu trabajo. En ella tendr\u00e1s que escribir&nbsp;<u>A MANO<\/u>&nbsp;y, a ser posible, utilizando una&nbsp;<u>CALIGRAF\u00cdA ART\u00cdSTICA<\/u>, el poema e indicar tus datos personales, la obra y el autor que hayas elegido.<\/strong><\/li><\/ul>\n\n\n\n<p><strong>IMPORTANTE:<\/strong><\/p>\n\n\n\n<ul><li><strong>La participaci\u00f3n en este concurso implica la total aceptaci\u00f3n de las bases. Los trabajos que las incumplan quedar\u00e1n excluidos.<\/strong><\/li><li><strong>Pide la plantilla a tu profesor-tutor, desc\u00e1rgala <a href=\"http:\/\/iesjuliorodriguez.es\/wordpress\/wp-content\/uploads\/2021\/02\/Arte-y-literatuta-Plantilla-comun-vertical.pdf\">aqu\u00ed<\/a>, en la p\u00e1gina web del centro o solic\u00edtala dirigi\u00e9ndote a\u00a0<a rel=\"noreferrer noopener\" href=\"mailto:bibliojuliorodriguez@gmail.com\" target=\"_blank\">bibliojuliorodriguez2013@gmail.com<\/a><\/strong><\/li><li><strong>Entrega tu trabajo en conserjer\u00eda. La fecha l\u00edmite de admisi\u00f3n de trabajos es hasta el 19 de marzo de 2021.<\/strong><\/li><\/ul>\n\n\n\n<p><strong>PREMIOS<\/strong><\/p>\n\n\n\n<p><strong>GANADORES: Diploma y cheques por valor de 40\u20ac para adquisici\u00f3n de material de dibujo o bibliogr\u00e1fico\/papeler\u00eda.<\/strong><\/p>\n\n\n\n<p><strong>FINALISTAS:<\/strong><strong>Diploma y cheques por valor de 20\u20ac para adquisici\u00f3n de material de dibujo o bibliogr\u00e1fico\/papeler\u00eda.<\/strong><\/p>\n\n\n\n<p>ENLACE PARA DESCARGAR PLANTILLA VERTICAL: &nbsp;<a href=\"https:\/\/drive.google.com\/file\/d\/15vNuYjwiLUsoeMoQeoLx4z2_HVmk90zg\/view?usp=sharing\" target=\"_blank\" rel=\"noreferrer noopener\">https:\/\/drive.google.com\/file\/d\/15vNuYjwiLUsoeMoQeoLx4z2_HVmk90zg\/view?usp=sharing<\/a><br>ENLACE PARA DESCARGAR PLANTILLA HORIZONTAL: &nbsp;<a href=\"https:\/\/drive.google.com\/file\/d\/1-AuW2_QsZq-qrLEhuhPcpqI_P4xmuBGo\/view?usp=sharing\" target=\"_blank\" rel=\"noreferrer noopener\">https:\/\/drive.google.com\/file\/d\/1-AuW2_QsZq-qrLEhuhPcpqI_P4xmuBGo\/view?usp=sharing<\/a><\/p>\n\n\n\n<figure class=\"wp-block-image size-large\"><img loading=\"lazy\" decoding=\"async\" width=\"754\" height=\"1024\" src=\"http:\/\/iesjuliorodriguez.es\/wordpress\/wp-content\/uploads\/2021\/02\/Arte-y-literatura-cartel-754x1024.jpg\" alt=\"\" class=\"wp-image-2768\" srcset=\"https:\/\/blogsaverroes.juntadeandalucia.es\/iesjuliorodriguez\/files\/2021\/02\/Arte-y-literatura-cartel-754x1024.jpg 754w, https:\/\/blogsaverroes.juntadeandalucia.es\/iesjuliorodriguez\/files\/2021\/02\/Arte-y-literatura-cartel-221x300.jpg 221w, https:\/\/blogsaverroes.juntadeandalucia.es\/iesjuliorodriguez\/files\/2021\/02\/Arte-y-literatura-cartel-768x1044.jpg 768w, https:\/\/blogsaverroes.juntadeandalucia.es\/iesjuliorodriguez\/files\/2021\/02\/Arte-y-literatura-cartel-980x1332.jpg 980w, https:\/\/blogsaverroes.juntadeandalucia.es\/iesjuliorodriguez\/files\/2021\/02\/Arte-y-literatura-cartel-480x652.jpg 480w, https:\/\/blogsaverroes.juntadeandalucia.es\/iesjuliorodriguez\/files\/2021\/02\/Arte-y-literatura-cartel.jpg 1017w\" sizes=\"(max-width: 754px) 100vw, 754px\" \/><\/figure>\n","protected":false},"excerpt":{"rendered":"<p>ARTE Y LITERATURA POES\u00cdA ILUSTRADA (Modalidad ilustraci\u00f3n) Elige un poema de una autora o autor que te guste en el idioma que prefieras. Habla con tus profesores de lengua e idiomas o tu tutor\/a si necesitas alguna orientaci\u00f3n. Pide una plantilla para entregar tu trabajo. En ella tendr\u00e1s que hacer la ilustraci\u00f3n e indicar tus [&hellip;]<\/p>\n","protected":false},"author":19333,"featured_media":0,"comment_status":"closed","ping_status":"closed","sticky":false,"template":"","format":"standard","meta":{"_et_pb_use_builder":"","_et_pb_old_content":"","_et_gb_content_width":"","ngg_post_thumbnail":0,"footnotes":""},"categories":[13,24,47],"tags":[],"aioseo_notices":[],"_links":{"self":[{"href":"https:\/\/blogsaverroes.juntadeandalucia.es\/iesjuliorodriguez\/wp-json\/wp\/v2\/posts\/2767"}],"collection":[{"href":"https:\/\/blogsaverroes.juntadeandalucia.es\/iesjuliorodriguez\/wp-json\/wp\/v2\/posts"}],"about":[{"href":"https:\/\/blogsaverroes.juntadeandalucia.es\/iesjuliorodriguez\/wp-json\/wp\/v2\/types\/post"}],"author":[{"embeddable":true,"href":"https:\/\/blogsaverroes.juntadeandalucia.es\/iesjuliorodriguez\/wp-json\/wp\/v2\/users\/19333"}],"replies":[{"embeddable":true,"href":"https:\/\/blogsaverroes.juntadeandalucia.es\/iesjuliorodriguez\/wp-json\/wp\/v2\/comments?post=2767"}],"version-history":[{"count":0,"href":"https:\/\/blogsaverroes.juntadeandalucia.es\/iesjuliorodriguez\/wp-json\/wp\/v2\/posts\/2767\/revisions"}],"wp:attachment":[{"href":"https:\/\/blogsaverroes.juntadeandalucia.es\/iesjuliorodriguez\/wp-json\/wp\/v2\/media?parent=2767"}],"wp:term":[{"taxonomy":"category","embeddable":true,"href":"https:\/\/blogsaverroes.juntadeandalucia.es\/iesjuliorodriguez\/wp-json\/wp\/v2\/categories?post=2767"},{"taxonomy":"post_tag","embeddable":true,"href":"https:\/\/blogsaverroes.juntadeandalucia.es\/iesjuliorodriguez\/wp-json\/wp\/v2\/tags?post=2767"}],"curies":[{"name":"wp","href":"https:\/\/api.w.org\/{rel}","templated":true}]}}