{"id":306,"date":"2015-01-20T21:45:59","date_gmt":"2015-01-20T21:45:59","guid":{"rendered":"http:\/\/iesjuliorodriguez.es\/wordpress\/?p=306"},"modified":"2015-01-20T21:45:59","modified_gmt":"2015-01-20T21:45:59","slug":"action-2015","status":"publish","type":"post","link":"https:\/\/blogsaverroes.juntadeandalucia.es\/iesjuliorodriguez\/action-2015\/","title":{"rendered":"ACTION\/2015"},"content":{"rendered":"<p>El 2015 comienza con solidaridad. Muchas personas influyentes o famosas de todo el mundo, premios Nobel entre ellas, se han unido en un grito com\u00fan en este a\u00f1o que comienza, para pedir a los mandatarios del mundo que pongan todos sus esfuerzos en conseguir un mundo libre de violencia y de horror, de pobreza y falta de medios.Os invito a leer la campa\u00f1a, de la que oiremos mucho y a que os sum\u00e9is a su petici\u00f3n.<\/p>\n<h2 style=\"margin: 0;padding: 0;font-family: Helvetica;font-size: 26px;font-style: normal;font-weight: bold;line-height: 125%;letter-spacing: -.75px;text-align: left;color: #231f20!important\"><a href=\"http:\/\/looktothestars.us8.list-manage.com\/track\/click?u=723fa135d3f434daa2107dcb2&amp;id=26945365dc&amp;e=2846e5d21a\" target=\"_blank\" style=\"color: #231f20;font-weight: normal;text-decoration: underline\" rel=\"noopener noreferrer\">Stars Back Massive Action2015 Campaign<\/a><\/h2>\n<p><em>Jan 19, 2015 11:30 am<\/em><\/p>\n<div><a href=\"celebrity\/malala-yousafzai\" target=\"_blank\" style=\"color: #231f20;font-weight: normal;text-decoration: underline\" rel=\"noopener noreferrer\"><img loading=\"lazy\" decoding=\"async\" class=\"CToWUd\" src=\"https:\/\/ci5.googleusercontent.com\/proxy\/wy2mZfP_EIyDMq624E_fika8sTsaNR9goe0DPqPyH_tkwGS-fJwmHKxG3AYFVkkjmKNDb4Pi9sbfBkSyTzUhB9cJkFo1tkNtSRjZW2ly_KOgVxRuqZ6zp3Nb5fuIe1zRwzEktW5x=s0-d-e1-ft#https:\/\/www.looktothestars.org\/photo\/8295-malala-yousafzai\/teaser-1392925565.jpg\" border=\"0\" alt=\"Malala Yousafzai: Profile\" title=\"Malala Yousafzai: Profile\" width=\"150\" height=\"150\" align=\"right\" style=\"border: 0;text-decoration: none;min-height: auto!important\" \/><\/a><\/div>\n<p>\u00a0<\/p>\n<p style=\"margin: 1em 0;padding: 0;color: #675b5e;font-family: Helvetica;font-size: 15px;line-height: 150%;text-align: left\">A number of stars are backing Action2015, a huge campaign launched to make 2015 a huge breakthrough moment for people and planet.<\/p>\n<p>\u00a0<\/p>\n<p style=\"margin: 1em 0;padding: 0;color: #675b5e;font-family: Helvetica;font-size: 15px;line-height: 150%;text-align: left\">According to new research, almost a billion extra people face a life of extreme poverty if leaders duck key decisions on poverty, inequality and climate change due to be taken at two crucial summits in New York and Paris later this year, with billions more continuing to face a life of hardship.<\/p>\n<p>\u00a0<\/p>\n<p style=\"margin: 1em 0;padding: 0;color: #675b5e;font-family: Helvetica;font-size: 15px;line-height: 150%;text-align: left\">That\u2019s the warning by more than a thousand organisations around the world which are launching a new campaign called action\/2015 calling on local and world leaders to take urgent action to halt man-made climate change, eradicate poverty and address inequality.<\/p>\n<p>\u00a0<\/p>\n<p style=\"margin: 1em 0;padding: 0;color: #675b5e;font-family: Helvetica;font-size: 15px;line-height: 150%;text-align: left\">The new calculation released by the action\/2015 coalition shows that, even using relatively conservative scenarios, the number of people living in extreme poverty \u2013 on less than $1.25 a day \u2013 could be reduced dramatically from over a billion to 360 million by 2030. Based on work by the University of Denver, in the year 2030, about 4 % of the global population would live in extreme poverty, (compared to 17% today) if critical policy choices on inequality, poverty investment and climate change are made this year and implemented thereafter. Estimates of other researchers, looking at a longer list of variables, show that the eradication of extreme poverty is achievable for the first time in history \u2013 a key objective of the campaign.<\/p>\n<p>\u00a0<\/p>\n<p style=\"margin: 1em 0;padding: 0;color: #675b5e;font-family: Helvetica;font-size: 15px;line-height: 150%;text-align: left\">However, if leaders fail to deliver and build on the growing momentum for ambitious deals at the UN Special Summit on Sustainable Development in September and the UN Climate talks in Paris in December, and scale back their efforts, the number of people living in extreme poverty could actually increase to 1.2 billion by 2030. This increase would be the first in a generation (since 1993) and almost a billion higher (886million) than if resolute action is taken. Under this scenario 1 in 3 of the world\u2019s population would live under $2 a day.<\/p>\n<p>\u00a0<\/p>\n<p style=\"margin: 1em 0;padding: 0;color: #675b5e;font-family: Helvetica;font-size: 15px;line-height: 150%;text-align: left\"><a href=\"http:\/\/looktothestars.us8.list-manage.com\/track\/click?u=723fa135d3f434daa2107dcb2&amp;id=1fff9513ff&amp;e=2846e5d21a\" target=\"_blank\" style=\"color: #231f20;font-weight: normal;text-decoration: underline\" rel=\"noopener noreferrer\">Malala Yousafzai<\/a>, Nobel Peace Prize Laureate and Malala Fund co-founder, who put her life on the line for the right to education said: \u201cPeople globally want an end to injustice, poverty and illiteracy. Our world is interconnected and youth are ready and mobilised more than ever to see real change take place. Together, we are demanding our leaders take action in 2015 and we must all do our part. I will continue to work tirelessly to call on world leaders to seize this opportunity to guarantee a free, quality primary and secondary education for every child. That is my goal and I hope that my voice will be heard as it is the voice of millions of children who want to go to school.\u201d<\/p>\n<p>\u00a0<\/p>\n<p style=\"margin: 1em 0;padding: 0;color: #675b5e;font-family: Helvetica;font-size: 15px;line-height: 150%;text-align: left\">Alongside Malala, dozens of high profile activists from <a href=\"http:\/\/looktothestars.us8.list-manage.com\/track\/click?u=723fa135d3f434daa2107dcb2&amp;id=2e693a15bc&amp;e=2846e5d21a\" target=\"_blank\" style=\"color: #231f20;font-weight: normal;text-decoration: underline\" rel=\"noopener noreferrer\">Queen Rania Al Abdullah<\/a> and <a href=\"http:\/\/looktothestars.us8.list-manage2.com\/track\/click?u=723fa135d3f434daa2107dcb2&amp;id=2cff998a82&amp;e=2846e5d21a\" target=\"_blank\" style=\"color: #231f20;font-weight: normal;text-decoration: underline\" rel=\"noopener noreferrer\">Bono<\/a> to <a href=\"http:\/\/looktothestars.us8.list-manage2.com\/track\/click?u=723fa135d3f434daa2107dcb2&amp;id=4f2ce99116&amp;e=2846e5d21a\" target=\"_blank\" style=\"color: #231f20;font-weight: normal;text-decoration: underline\" rel=\"noopener noreferrer\">Ben Affleck<\/a>, <a href=\"http:\/\/looktothestars.us8.list-manage2.com\/track\/click?u=723fa135d3f434daa2107dcb2&amp;id=e429152b08&amp;e=2846e5d21a\" target=\"_blank\" style=\"color: #231f20;font-weight: normal;text-decoration: underline\" rel=\"noopener noreferrer\">Bill<\/a> and Melinda Gates and Mo Ibrahim have backed the coalition of over a thousand organisations in more than 120 countries around the world. The campaign is calling on world leaders to agree plans to eradicate poverty, prevent dangerous climate change and tackle inequality at these summits.<\/p>\n<p>\u00a0<\/p>\n<p style=\"margin: 1em 0;padding: 0;color: #675b5e;font-family: Helvetica;font-size: 15px;line-height: 150%;text-align: left\">A number of stars \u2013 including <a href=\"http:\/\/looktothestars.us8.list-manage1.com\/track\/click?u=723fa135d3f434daa2107dcb2&amp;id=b943848938&amp;e=2846e5d21a\" target=\"_blank\" style=\"color: #231f20;font-weight: normal;text-decoration: underline\" rel=\"noopener noreferrer\">Hugh Jackman<\/a>, <a href=\"http:\/\/looktothestars.us8.list-manage1.com\/track\/click?u=723fa135d3f434daa2107dcb2&amp;id=0894272bfe&amp;e=2846e5d21a\" target=\"_blank\" style=\"color: #231f20;font-weight: normal;text-decoration: underline\" rel=\"noopener noreferrer\">Annie Lennox<\/a>, <a href=\"http:\/\/looktothestars.us8.list-manage1.com\/track\/click?u=723fa135d3f434daa2107dcb2&amp;id=f60a710b81&amp;e=2846e5d21a\" target=\"_blank\" style=\"color: #231f20;font-weight: normal;text-decoration: underline\" rel=\"noopener noreferrer\">Angelique Kidjo<\/a>, <a href=\"http:\/\/looktothestars.us8.list-manage.com\/track\/click?u=723fa135d3f434daa2107dcb2&amp;id=ab2893c977&amp;e=2846e5d21a\" target=\"_blank\" style=\"color: #231f20;font-weight: normal;text-decoration: underline\" rel=\"noopener noreferrer\">Aamir Khan<\/a>, <a href=\"http:\/\/looktothestars.us8.list-manage2.com\/track\/click?u=723fa135d3f434daa2107dcb2&amp;id=088e1af3e7&amp;e=2846e5d21a\" target=\"_blank\" style=\"color: #231f20;font-weight: normal;text-decoration: underline\" rel=\"noopener noreferrer\">Jeffrey Sachs<\/a>, <a href=\"http:\/\/looktothestars.us8.list-manage.com\/track\/click?u=723fa135d3f434daa2107dcb2&amp;id=9083a7b9af&amp;e=2846e5d21a\" target=\"_blank\" style=\"color: #231f20;font-weight: normal;text-decoration: underline\" rel=\"noopener noreferrer\">Desmond Tutu<\/a>, <a href=\"http:\/\/looktothestars.us8.list-manage1.com\/track\/click?u=723fa135d3f434daa2107dcb2&amp;id=3aa566f193&amp;e=2846e5d21a\" target=\"_blank\" style=\"color: #231f20;font-weight: normal;text-decoration: underline\" rel=\"noopener noreferrer\">Mary Robinson<\/a>, <a href=\"http:\/\/looktothestars.us8.list-manage.com\/track\/click?u=723fa135d3f434daa2107dcb2&amp;id=7043af9d52&amp;e=2846e5d21a\" target=\"_blank\" style=\"color: #231f20;font-weight: normal;text-decoration: underline\" rel=\"noopener noreferrer\">Matt Damon<\/a>, <a href=\"http:\/\/looktothestars.us8.list-manage.com\/track\/click?u=723fa135d3f434daa2107dcb2&amp;id=9040f954ce&amp;e=2846e5d21a\" target=\"_blank\" style=\"color: #231f20;font-weight: normal;text-decoration: underline\" rel=\"noopener noreferrer\">Mia Farrow<\/a>, <a href=\"http:\/\/looktothestars.us8.list-manage.com\/track\/click?u=723fa135d3f434daa2107dcb2&amp;id=623e970456&amp;e=2846e5d21a\" target=\"_blank\" style=\"color: #231f20;font-weight: normal;text-decoration: underline\" rel=\"noopener noreferrer\">Richard Branson<\/a>, <a href=\"http:\/\/looktothestars.us8.list-manage.com\/track\/click?u=723fa135d3f434daa2107dcb2&amp;id=e3d43ea87b&amp;e=2846e5d21a\" target=\"_blank\" style=\"color: #231f20;font-weight: normal;text-decoration: underline\" rel=\"noopener noreferrer\">Shakira<\/a>, <a href=\"http:\/\/looktothestars.us8.list-manage.com\/track\/click?u=723fa135d3f434daa2107dcb2&amp;id=3c73b02529&amp;e=2846e5d21a\" target=\"_blank\" style=\"color: #231f20;font-weight: normal;text-decoration: underline\" rel=\"noopener noreferrer\">Ted Turner<\/a> and <a href=\"http:\/\/looktothestars.us8.list-manage1.com\/track\/click?u=723fa135d3f434daa2107dcb2&amp;id=844005c0b7&amp;e=2846e5d21a\" target=\"_blank\" style=\"color: #231f20;font-weight: normal;text-decoration: underline\" rel=\"noopener noreferrer\">Sting<\/a> \u2013 have put their names to an open letter on behalf of the campaign.<\/p>\n<p>\u00a0<\/p>\n<p style=\"margin: 1em 0;padding: 0;color: #675b5e;font-family: Helvetica;font-size: 15px;line-height: 150%;text-align: left\">\u201cThere are moments in history that become turning points,\u201d reads the letter. &#8220;In our view, 2015 will be such a moment. It is the most important year for global decision-making since the start of the new millennium.<\/p>\n<p>\u00a0<\/p>\n<p style=\"margin: 1em 0;padding: 0;color: #675b5e;font-family: Helvetica;font-size: 15px;line-height: 150%;text-align: left\">\u201cWe believe it\u2019s just possible that we could end 2015 with a new global compact \u2013 an agreed pathway to a better, safer future for people and planet that will inspire all the citizens of the world. We can choose the path of sustainable development. Or we might not \u2013 and regret it for generations to come. Which side of history will you be on?<\/p>\n<p>\u00a0<\/p>\n<p style=\"margin: 1em 0;padding: 0;color: #675b5e;font-family: Helvetica;font-size: 15px;line-height: 150%;text-align: left\">\u201cThere are millions of voices you can\u2019t afford to ignore \u2013 the voices of the people you represent. They are voices of all ages from every corner of the planet \u2013 the voice of a young girl currently deprived an education\u2026 of a pregnant mother deprived healthcare\u2026 of young people deprived decent work\u2026 of a family from a minority group fearful of discrimination from corrupt officials\u2026 of farmers forced to migrate to cities as climate refugees\u2026 and of billions of other people. Their voices will roar ever louder against the inequality and injustice that keep people poor. They \u2013 and all who stand with them \u2013 are calling on you to come up with a grand new global contract for our one human family \u2013 and then deliver on it together. The great news is that in 2015 you have a historic chance to do just that.<\/p>\n<p>\u00a0<\/p>\n<p style=\"margin: 1em 0;padding: 0;color: #675b5e;font-family: Helvetica;font-size: 15px;line-height: 150%;text-align: left\">\u201cTwo critical United Nations summits will take place this year. The first in September, where the world must agree new goals to eradicate extreme poverty, tackle inequality and ensure a more sustainable planet. The second is the climate summit in December where we must ensure the wellbeing of people today doesn\u2019t come at the expense of our children\u2019s futures.<\/p>\n<p>\u00a0<\/p>\n<p style=\"margin: 1em 0;padding: 0;color: #675b5e;font-family: Helvetica;font-size: 15px;line-height: 150%;text-align: left\">\u201cTogether with critical discussions on financing, these opportunities are the biggest of our lifetime. We know from past efforts against <span>AIDS<\/span>, malaria, preventable diseases and saving the ozone layer that when we come together, so much can be achieved. Yet, with just months to go before these summits, few leaders are playing the leadership roles we need. We see climate progress but not yet of the scale that is needed, and a set of goals that are hugely ambitious but will be meaningless without brave financing and implementation agreements led from the very top.<\/p>\n<p>\u00a0<\/p>\n<p style=\"margin: 1em 0;padding: 0;color: #675b5e;font-family: Helvetica;font-size: 15px;line-height: 150%;text-align: left\">\u201cIf this does not change, we fear you and your fellow leaders could be sleep-walking the world towards one of the greatest failures of recent history. It\u2019s not too late to rise to the occasion. We\u2019re asking you to help lead that change.\u201d<\/p>\n<p>\u00a0<\/p>\n<p style=\"margin: 1em 0;padding: 0;color: #675b5e;font-family: Helvetica;font-size: 15px;line-height: 150%;text-align: left\">Action\/2015 \u2013 announced by Malala when she accepted the Nobel Peace Prize \u2013 is one of the biggest campaigns ever to launch \u2013 combining environmental, human rights, development organisations and faith networks. From household names like <a href=\"http:\/\/looktothestars.us8.list-manage.com\/track\/click?u=723fa135d3f434daa2107dcb2&amp;id=91ea2a6530&amp;e=2846e5d21a\" target=\"_blank\" style=\"color: #231f20;font-weight: normal;text-decoration: underline\" rel=\"noopener noreferrer\">Amnesty International<\/a> and <a href=\"http:\/\/looktothestars.us8.list-manage.com\/track\/click?u=723fa135d3f434daa2107dcb2&amp;id=d57822bca0&amp;e=2846e5d21a\" target=\"_blank\" style=\"color: #231f20;font-weight: normal;text-decoration: underline\" rel=\"noopener noreferrer\">Save the Children<\/a> to grassroots NGOs working with local communities, the movement aims to make sure the agreements of 2015 are shaped by the people.<\/p>\n<p>\u00a0<\/p>\n<p style=\"margin: 1em 0;padding: 0;color: #675b5e;font-family: Helvetica;font-size: 15px;line-height: 150%;text-align: left\">Action\/2015 is calling on the public to join them in their calls to ensure world leaders commit to a better world. Throughout 2015, the campaign will provide ways for everyone everywhere to get involved in influencing the outcomes of these global debates that could achieve:<\/p>\n<p>\u00a0<\/p>\n<ul>\n<li>An end to poverty in all its forms;<\/li>\n<li>The meeting of fundamental rights, tackling inequality and discrimination;<\/li>\n<li>An accelerated transition to 100% renewable energy;<\/li>\n<li>A world where everyone can participate and hold their leaders accountable.<\/li>\n<\/ul>\n<p>\u00a0<\/p>\n<p style=\"margin: 1em 0;padding: 0;color: #675b5e;font-family: Helvetica;font-size: 15px;line-height: 150%;text-align: left\">To find out more about the campaign, visit <a href=\"http:\/\/looktothestars.us8.list-manage.com\/track\/click?u=723fa135d3f434daa2107dcb2&amp;id=cb05ba0a43&amp;e=2846e5d21a\" target=\"_blank\" style=\"color: #231f20;font-weight: normal;text-decoration: underline\" rel=\"noopener noreferrer\">www.action2015.org<\/a>.<\/p>\n<p>\u00a0<\/p>\n<p style=\"margin: 1em 0;padding: 0;color: #675b5e;font-family: Helvetica;font-size: 15px;line-height: 150%;text-align: left\"><em>From: <a href=\"http:\/\/looktothestars.us8.list-manage.com\/track\/click?u=723fa135d3f434daa2107dcb2&amp;id=07fb7832eb&amp;e=2846e5d21a\" target=\"_blank\" rel=\"canonical noopener noreferrer\" style=\"color: #231f20;font-weight: normal;text-decoration: underline\">https:\/\/www.looktothestars.org\/news\/13130-stars-back-massive-action2015-campaign<\/a><\/em><\/p>\n<p>\u00a0<\/p>\n<h6 style=\"margin: 0;padding: 0\">Related past articles<\/h6>\n<p>\u00a0<\/p>\n<ul>\n<li><\/li>\n<\/ul>\n<div>\u00a0<\/div>\n<p><a href=\"http:\/\/looktothestars.us8.list-manage.com\/unsubscribe?u=723fa135d3f434daa2107dcb2&amp;id=3bf82411a7&amp;e=2846e5d21a&amp;c=12cb310f44\" target=\"_blank\" style=\"color: #606060;font-weight: normal;text-decoration: underline\" rel=\"noopener noreferrer\">\u00a0this list<\/a>\u00a0\u00a0\u00a0 <a href=\"http:\/\/looktothestars.us8.list-manage.com\/profile?u=723fa135d3f434daa2107dcb2&amp;id=3bf82411a7&amp;e=2846e5d21a\" target=\"_blank\" style=\"color: #606060;font-weight: normal;text-decoration: underline\" rel=\"noopener noreferrer\">update subscription preferences<\/a>\u00a0 <\/p>\n<p> <a href=\"http:\/\/www.mailchimp.com\/monkey-rewards\/?utm_source=freemium_newsletter&amp;utm_medium=email&amp;utm_campaign=monkey_rewards&amp;aid=723fa135d3f434daa2107dcb2&amp;afl=1\" target=\"_blank\" rel=\"noopener noreferrer\"><img loading=\"lazy\" decoding=\"async\" class=\"CToWUd\" src=\"https:\/\/ci3.googleusercontent.com\/proxy\/_gGAemz5vucXmuCyLqODt5QS6wR5SbpDDD3Faczi1H0sd_7rPbWYcS2h3NvWKPpCA9MqKogaX6Kf3hgN-8wZXIdcPhdZM2ekyiWuY8V_d80jde-SOY9qP17iXw=s0-d-e1-ft#http:\/\/cdn-images.mailchimp.com\/monkey_rewards\/MC_MonkeyReward_15.png\" border=\"0\" alt=\"Email Marketing Powered by MailChimp\" title=\"MailChimp Email Marketing\" width=\"139\" height=\"54\" \/><\/a><\/p>\n","protected":false},"excerpt":{"rendered":"<p>El 2015 comienza con solidaridad. Muchas personas influyentes o famosas de todo el mundo, premios Nobel entre ellas, se han unido en un grito com\u00fan en este a\u00f1o que comienza, para pedir a los mandatarios del mundo que pongan todos sus esfuerzos en conseguir un mundo libre de violencia y de horror, de pobreza y [&hellip;]<\/p>\n","protected":false},"author":19333,"featured_media":0,"comment_status":"open","ping_status":"open","sticky":false,"template":"","format":"standard","meta":{"_et_pb_use_builder":"","_et_pb_old_content":"","_et_gb_content_width":"","ngg_post_thumbnail":0,"footnotes":""},"categories":[49],"tags":[],"aioseo_notices":[],"_links":{"self":[{"href":"https:\/\/blogsaverroes.juntadeandalucia.es\/iesjuliorodriguez\/wp-json\/wp\/v2\/posts\/306"}],"collection":[{"href":"https:\/\/blogsaverroes.juntadeandalucia.es\/iesjuliorodriguez\/wp-json\/wp\/v2\/posts"}],"about":[{"href":"https:\/\/blogsaverroes.juntadeandalucia.es\/iesjuliorodriguez\/wp-json\/wp\/v2\/types\/post"}],"author":[{"embeddable":true,"href":"https:\/\/blogsaverroes.juntadeandalucia.es\/iesjuliorodriguez\/wp-json\/wp\/v2\/users\/19333"}],"replies":[{"embeddable":true,"href":"https:\/\/blogsaverroes.juntadeandalucia.es\/iesjuliorodriguez\/wp-json\/wp\/v2\/comments?post=306"}],"version-history":[{"count":0,"href":"https:\/\/blogsaverroes.juntadeandalucia.es\/iesjuliorodriguez\/wp-json\/wp\/v2\/posts\/306\/revisions"}],"wp:attachment":[{"href":"https:\/\/blogsaverroes.juntadeandalucia.es\/iesjuliorodriguez\/wp-json\/wp\/v2\/media?parent=306"}],"wp:term":[{"taxonomy":"category","embeddable":true,"href":"https:\/\/blogsaverroes.juntadeandalucia.es\/iesjuliorodriguez\/wp-json\/wp\/v2\/categories?post=306"},{"taxonomy":"post_tag","embeddable":true,"href":"https:\/\/blogsaverroes.juntadeandalucia.es\/iesjuliorodriguez\/wp-json\/wp\/v2\/tags?post=306"}],"curies":[{"name":"wp","href":"https:\/\/api.w.org\/{rel}","templated":true}]}}