{"id":339,"date":"2015-04-04T12:21:15","date_gmt":"2015-04-04T12:21:15","guid":{"rendered":"http:\/\/iesjuliorodriguez.es\/wordpress\/?p=339"},"modified":"2015-04-04T12:21:15","modified_gmt":"2015-04-04T12:21:15","slug":"firma-de-adhesion-a-conciliam-por-parte-del-ies-julio-rodriguez","status":"publish","type":"post","link":"https:\/\/blogsaverroes.juntadeandalucia.es\/iesjuliorodriguez\/firma-de-adhesion-a-conciliam-por-parte-del-ies-julio-rodriguez\/","title":{"rendered":"Firma de adhesi\u00f3n a Conciliam por parte del IES Julio Rodr\u00edguez"},"content":{"rendered":"<p>Nuestro IES es una de las 48 instituciones de Motril y comarca que apoyan el programa europeo Conciliam, para la Conciliaci\u00f3n familiar y laboral. Es una iniciativa amplia, ambiciosa y que tiende a cambiar estilo y perspectiva en muchos sentidos, entre ellos la mentalidad a la hora de enfocar g\u00e9nero, familia, trabajo&#8230;Y es en la educaci\u00f3n donde todo empieza. Tambi\u00e9n el nuevo enfoque. Esperemos que poco a poco todos lo hagamos posible. Seguiremos informando. Y elaborando actividades que nos encaminen en este sendero.<\/p>\n<p><img loading=\"lazy\" decoding=\"async\" class=\" size-full wp-image-338\" src=\"https:\/\/blogsaverroes.juntadeandalucia.es\/iesjuliorodriguez\/files\/2015\/04\/firma.jpg\" alt=\"\" width=\"600\" height=\"460\" border=\"0\" \/><\/p>\n","protected":false},"excerpt":{"rendered":"<p>Nuestro IES es una de las 48 instituciones de Motril y comarca que apoyan el programa europeo Conciliam, para la Conciliaci\u00f3n familiar y laboral. Es una iniciativa amplia, ambiciosa y que tiende a cambiar estilo y perspectiva en muchos sentidos, entre ellos la mentalidad a la hora de enfocar g\u00e9nero, familia, trabajo&#8230;Y es en la [&hellip;]<\/p>\n","protected":false},"author":19333,"featured_media":0,"comment_status":"open","ping_status":"open","sticky":false,"template":"","format":"standard","meta":{"_et_pb_use_builder":"","_et_pb_old_content":"","_et_gb_content_width":"","ngg_post_thumbnail":0,"footnotes":""},"categories":[49],"tags":[],"aioseo_notices":[],"_links":{"self":[{"href":"https:\/\/blogsaverroes.juntadeandalucia.es\/iesjuliorodriguez\/wp-json\/wp\/v2\/posts\/339"}],"collection":[{"href":"https:\/\/blogsaverroes.juntadeandalucia.es\/iesjuliorodriguez\/wp-json\/wp\/v2\/posts"}],"about":[{"href":"https:\/\/blogsaverroes.juntadeandalucia.es\/iesjuliorodriguez\/wp-json\/wp\/v2\/types\/post"}],"author":[{"embeddable":true,"href":"https:\/\/blogsaverroes.juntadeandalucia.es\/iesjuliorodriguez\/wp-json\/wp\/v2\/users\/19333"}],"replies":[{"embeddable":true,"href":"https:\/\/blogsaverroes.juntadeandalucia.es\/iesjuliorodriguez\/wp-json\/wp\/v2\/comments?post=339"}],"version-history":[{"count":0,"href":"https:\/\/blogsaverroes.juntadeandalucia.es\/iesjuliorodriguez\/wp-json\/wp\/v2\/posts\/339\/revisions"}],"wp:attachment":[{"href":"https:\/\/blogsaverroes.juntadeandalucia.es\/iesjuliorodriguez\/wp-json\/wp\/v2\/media?parent=339"}],"wp:term":[{"taxonomy":"category","embeddable":true,"href":"https:\/\/blogsaverroes.juntadeandalucia.es\/iesjuliorodriguez\/wp-json\/wp\/v2\/categories?post=339"},{"taxonomy":"post_tag","embeddable":true,"href":"https:\/\/blogsaverroes.juntadeandalucia.es\/iesjuliorodriguez\/wp-json\/wp\/v2\/tags?post=339"}],"curies":[{"name":"wp","href":"https:\/\/api.w.org\/{rel}","templated":true}]}}