{"id":4219,"date":"2022-06-15T13:02:21","date_gmt":"2022-06-15T11:02:21","guid":{"rendered":"https:\/\/iesjuliorodriguez.es\/?p=4219"},"modified":"2022-06-15T13:02:21","modified_gmt":"2022-06-15T11:02:21","slug":"comic-y-cine","status":"publish","type":"post","link":"https:\/\/blogsaverroes.juntadeandalucia.es\/iesjuliorodriguez\/comic-y-cine\/","title":{"rendered":"C\u00f3mic y cine"},"content":{"rendered":"\n<p>Una de las l\u00edneas de trabajo del programa Aula de Cine este curso (2021-22) ha sido la relaci\u00f3n entre el comic y el cine. Luis C\u00e1ceres (Departamento de Dibujo) la ha llevado a cabo con los alumnos de 2\u00ba de ESO: realizaci\u00f3n de un comic (con el tema del Rey Arturo, colaborando en la actividad de la Feria medieval -biling\u00fcismo, PLC-) y storyboard. En la imagen, tenemos el resultado magn\u00edfico de nuestra alumna Vanessa Mercado. En su comic podemos apreciar el elemento b\u00e1sico del lenguaje audiovisual, el plano, que utiliza a la perfecci\u00f3n, seg\u00fan lo que desea comunicar: primer\u00edsimo plano (expresi\u00f3n del personaje), plano detalle (protagonismo de la mano y la espada), plano general (situar la acci\u00f3n) o planos medios y americanos.<\/p>\n\n\n\n<figure class=\"wp-block-image size-large\"><img loading=\"lazy\" decoding=\"async\" width=\"1024\" height=\"792\" src=\"https:\/\/blogsaverroes.juntadeandalucia.es\/iesjuliorodriguez\/files\/2022\/06\/2-1-1-1024x792.png\" alt=\"\" class=\"wp-image-4221\" srcset=\"https:\/\/blogsaverroes.juntadeandalucia.es\/iesjuliorodriguez\/files\/2022\/06\/2-1-1-1024x792.png 1024w, https:\/\/blogsaverroes.juntadeandalucia.es\/iesjuliorodriguez\/files\/2022\/06\/2-1-1-980x758.png 980w, https:\/\/blogsaverroes.juntadeandalucia.es\/iesjuliorodriguez\/files\/2022\/06\/2-1-1-480x371.png 480w\" sizes=\"(min-width: 0px) and (max-width: 480px) 480px, (min-width: 481px) and (max-width: 980px) 980px, (min-width: 981px) 1024px, 100vw\" \/><\/figure>\n","protected":false},"excerpt":{"rendered":"<p>Una de las l\u00edneas de trabajo del programa Aula de Cine este curso (2021-22) ha sido la relaci\u00f3n entre el comic y el cine. Luis C\u00e1ceres (Departamento de Dibujo) la ha llevado a cabo con los alumnos de 2\u00ba de ESO: realizaci\u00f3n de un comic (con el tema del Rey Arturo, colaborando en la actividad [&hellip;]<\/p>\n","protected":false},"author":19333,"featured_media":4222,"comment_status":"closed","ping_status":"closed","sticky":false,"template":"","format":"standard","meta":{"_et_pb_use_builder":"","_et_pb_old_content":"","_et_gb_content_width":"","ngg_post_thumbnail":0,"footnotes":""},"categories":[10,25,32,51],"tags":[],"aioseo_notices":[],"_links":{"self":[{"href":"https:\/\/blogsaverroes.juntadeandalucia.es\/iesjuliorodriguez\/wp-json\/wp\/v2\/posts\/4219"}],"collection":[{"href":"https:\/\/blogsaverroes.juntadeandalucia.es\/iesjuliorodriguez\/wp-json\/wp\/v2\/posts"}],"about":[{"href":"https:\/\/blogsaverroes.juntadeandalucia.es\/iesjuliorodriguez\/wp-json\/wp\/v2\/types\/post"}],"author":[{"embeddable":true,"href":"https:\/\/blogsaverroes.juntadeandalucia.es\/iesjuliorodriguez\/wp-json\/wp\/v2\/users\/19333"}],"replies":[{"embeddable":true,"href":"https:\/\/blogsaverroes.juntadeandalucia.es\/iesjuliorodriguez\/wp-json\/wp\/v2\/comments?post=4219"}],"version-history":[{"count":0,"href":"https:\/\/blogsaverroes.juntadeandalucia.es\/iesjuliorodriguez\/wp-json\/wp\/v2\/posts\/4219\/revisions"}],"wp:featuredmedia":[{"embeddable":true,"href":"https:\/\/blogsaverroes.juntadeandalucia.es\/iesjuliorodriguez\/wp-json\/wp\/v2\/media\/4222"}],"wp:attachment":[{"href":"https:\/\/blogsaverroes.juntadeandalucia.es\/iesjuliorodriguez\/wp-json\/wp\/v2\/media?parent=4219"}],"wp:term":[{"taxonomy":"category","embeddable":true,"href":"https:\/\/blogsaverroes.juntadeandalucia.es\/iesjuliorodriguez\/wp-json\/wp\/v2\/categories?post=4219"},{"taxonomy":"post_tag","embeddable":true,"href":"https:\/\/blogsaverroes.juntadeandalucia.es\/iesjuliorodriguez\/wp-json\/wp\/v2\/tags?post=4219"}],"curies":[{"name":"wp","href":"https:\/\/api.w.org\/{rel}","templated":true}]}}