{"id":4320,"date":"2022-07-05T10:21:11","date_gmt":"2022-07-05T08:21:11","guid":{"rendered":"https:\/\/iesjuliorodriguez.es\/?p=4320"},"modified":"2022-07-05T10:21:11","modified_gmt":"2022-07-05T08:21:11","slug":"elaboracion-de-pan","status":"publish","type":"post","link":"https:\/\/blogsaverroes.juntadeandalucia.es\/iesjuliorodriguez\/elaboracion-de-pan\/","title":{"rendered":"ELABORACI\u00d3N DE PAN"},"content":{"rendered":"\n<p>El grupo de 2\u00ba ESO D estuvo en Panader\u00eda Federico acompa\u00f1ados de sus profesores Ignacio Ojea y Gertrudis Vargas. Elaboraron pan para estudiar los procesos qu\u00edmicos de la panificaci\u00f3n: lo amasaron, le dieron forma, lo dejaron levar hasta hornearlo y pudieron disfrutar de \u00e9l.<\/p>\n\n\n\n<figure class=\"wp-block-embed is-type-video is-provider-youtube wp-block-embed-youtube wp-embed-aspect-16-9 wp-has-aspect-ratio\"><div class=\"wp-block-embed__wrapper\">\n<iframe loading=\"lazy\" title=\"ELABORACI\u00d3N DE PAN\" width=\"1080\" height=\"608\" src=\"https:\/\/www.youtube.com\/embed\/t672g56Suu8?feature=oembed\"  allow=\"accelerometer; autoplay; clipboard-write; encrypted-media; gyroscope; picture-in-picture\" allowfullscreen><\/iframe>\n<\/div><\/figure>\n","protected":false},"excerpt":{"rendered":"<p>El grupo de 2\u00ba ESO D estuvo en Panader\u00eda Federico acompa\u00f1ados de sus profesores Ignacio Ojea y Gertrudis Vargas. Elaboraron pan para estudiar los procesos qu\u00edmicos de la panificaci\u00f3n: lo amasaron, le dieron forma, lo dejaron levar hasta hornearlo y pudieron disfrutar de \u00e9l.<\/p>\n","protected":false},"author":19333,"featured_media":4324,"comment_status":"closed","ping_status":"closed","sticky":false,"template":"","format":"standard","meta":{"_et_pb_use_builder":"","_et_pb_old_content":"","_et_gb_content_width":"","ngg_post_thumbnail":0,"footnotes":""},"categories":[10,25,33],"tags":[],"aioseo_notices":[],"_links":{"self":[{"href":"https:\/\/blogsaverroes.juntadeandalucia.es\/iesjuliorodriguez\/wp-json\/wp\/v2\/posts\/4320"}],"collection":[{"href":"https:\/\/blogsaverroes.juntadeandalucia.es\/iesjuliorodriguez\/wp-json\/wp\/v2\/posts"}],"about":[{"href":"https:\/\/blogsaverroes.juntadeandalucia.es\/iesjuliorodriguez\/wp-json\/wp\/v2\/types\/post"}],"author":[{"embeddable":true,"href":"https:\/\/blogsaverroes.juntadeandalucia.es\/iesjuliorodriguez\/wp-json\/wp\/v2\/users\/19333"}],"replies":[{"embeddable":true,"href":"https:\/\/blogsaverroes.juntadeandalucia.es\/iesjuliorodriguez\/wp-json\/wp\/v2\/comments?post=4320"}],"version-history":[{"count":0,"href":"https:\/\/blogsaverroes.juntadeandalucia.es\/iesjuliorodriguez\/wp-json\/wp\/v2\/posts\/4320\/revisions"}],"wp:featuredmedia":[{"embeddable":true,"href":"https:\/\/blogsaverroes.juntadeandalucia.es\/iesjuliorodriguez\/wp-json\/wp\/v2\/media\/4324"}],"wp:attachment":[{"href":"https:\/\/blogsaverroes.juntadeandalucia.es\/iesjuliorodriguez\/wp-json\/wp\/v2\/media?parent=4320"}],"wp:term":[{"taxonomy":"category","embeddable":true,"href":"https:\/\/blogsaverroes.juntadeandalucia.es\/iesjuliorodriguez\/wp-json\/wp\/v2\/categories?post=4320"},{"taxonomy":"post_tag","embeddable":true,"href":"https:\/\/blogsaverroes.juntadeandalucia.es\/iesjuliorodriguez\/wp-json\/wp\/v2\/tags?post=4320"}],"curies":[{"name":"wp","href":"https:\/\/api.w.org\/{rel}","templated":true}]}}