{"id":4443,"date":"2022-10-24T22:29:20","date_gmt":"2022-10-24T20:29:20","guid":{"rendered":"https:\/\/iesjuliorodriguez.es\/?p=4443"},"modified":"2022-10-24T22:29:20","modified_gmt":"2022-10-24T20:29:20","slug":"viii-concurso-fotografico-la-magia-de-leer-poesia","status":"publish","type":"post","link":"https:\/\/blogsaverroes.juntadeandalucia.es\/iesjuliorodriguez\/viii-concurso-fotografico-la-magia-de-leer-poesia\/","title":{"rendered":"VIII CONCURSO FOTOGR\u00c1FICO LA MAGIA DE LEER POES\u00cdA"},"content":{"rendered":"\n<p>Elige un poema (o fragmento) que te guste. El poema puede ser de un autor que te guste o de creaci\u00f3n propia. Haz una fotograf\u00eda que sirva de fondo al texto. Procura reflejar lo que te transmite el poema. Superp\u00f3n el texto sobre la imagen indicando el autor del mismo.Env\u00eda la fotograf\u00eda a bibliojuliorodriguez2013@gmail.com junto con tu nombre, apellidos y curso NO <a><\/a>ES NECESARIO IMPRIMIR LA FOTOGRAF\u00cdAFECHA L\u00cdMITE DE ENTREGA: 31de enero de 2023Las im\u00e1genes recibidas ser\u00e1n publicadas en la p\u00e1gina de instagram (bibliojuliorodriguez2013) y en el blog de la biblioteca <a href=\"http:\/\/www.bibliotecaiesjuliorodriguez.blogspot.com.es\/?fbclid=IwAR04eF7Vp_Q5KwgDVSBVe7PwNM56FUqrjHs1xg1ci-BRZyGQXHXAFaQRm2o\" rel=\"noreferrer noopener\" target=\"_blank\">www.bibliotecaiesjuliorodriguez.blogspot.com.es<\/a>La fotograf\u00eda m\u00e1s votada por el jurado, compuesto por profesores, ser\u00e1 utilizada para la agenda escolar del pr\u00f3ximo curso. Los alumnos ganadores obtendr\u00e1n diploma y cheque v\u00e1lido para la compra de material escolar o bibliogr\u00e1fico.<\/p>\n\n\n\n<figure class=\"wp-block-image size-full\"><img loading=\"lazy\" decoding=\"async\" width=\"805\" height=\"540\" src=\"https:\/\/blogsaverroes.juntadeandalucia.es\/iesjuliorodriguez\/files\/2022\/10\/305187748_139701755476642_1883709188284522465_n.jpg\" alt=\"\" class=\"wp-image-4444\" srcset=\"https:\/\/blogsaverroes.juntadeandalucia.es\/iesjuliorodriguez\/files\/2022\/10\/305187748_139701755476642_1883709188284522465_n.jpg 805w, https:\/\/blogsaverroes.juntadeandalucia.es\/iesjuliorodriguez\/files\/2022\/10\/305187748_139701755476642_1883709188284522465_n-480x322.jpg 480w\" sizes=\"(min-width: 0px) and (max-width: 480px) 480px, (min-width: 481px) 805px, 100vw\" \/><\/figure>\n","protected":false},"excerpt":{"rendered":"<p>Elige un poema (o fragmento) que te guste. El poema puede ser de un autor que te guste o de creaci\u00f3n propia. Haz una fotograf\u00eda que sirva de fondo al texto. Procura reflejar lo que te transmite el poema. Superp\u00f3n el texto sobre la imagen indicando el autor del mismo.Env\u00eda la fotograf\u00eda a bibliojuliorodriguez2013@gmail.com junto [&hellip;]<\/p>\n","protected":false},"author":19333,"featured_media":4444,"comment_status":"closed","ping_status":"closed","sticky":false,"template":"","format":"standard","meta":{"_et_pb_use_builder":"","_et_pb_old_content":"","_et_gb_content_width":"","ngg_post_thumbnail":0,"footnotes":""},"categories":[13,26,47],"tags":[],"aioseo_notices":[],"_links":{"self":[{"href":"https:\/\/blogsaverroes.juntadeandalucia.es\/iesjuliorodriguez\/wp-json\/wp\/v2\/posts\/4443"}],"collection":[{"href":"https:\/\/blogsaverroes.juntadeandalucia.es\/iesjuliorodriguez\/wp-json\/wp\/v2\/posts"}],"about":[{"href":"https:\/\/blogsaverroes.juntadeandalucia.es\/iesjuliorodriguez\/wp-json\/wp\/v2\/types\/post"}],"author":[{"embeddable":true,"href":"https:\/\/blogsaverroes.juntadeandalucia.es\/iesjuliorodriguez\/wp-json\/wp\/v2\/users\/19333"}],"replies":[{"embeddable":true,"href":"https:\/\/blogsaverroes.juntadeandalucia.es\/iesjuliorodriguez\/wp-json\/wp\/v2\/comments?post=4443"}],"version-history":[{"count":0,"href":"https:\/\/blogsaverroes.juntadeandalucia.es\/iesjuliorodriguez\/wp-json\/wp\/v2\/posts\/4443\/revisions"}],"wp:featuredmedia":[{"embeddable":true,"href":"https:\/\/blogsaverroes.juntadeandalucia.es\/iesjuliorodriguez\/wp-json\/wp\/v2\/media\/4444"}],"wp:attachment":[{"href":"https:\/\/blogsaverroes.juntadeandalucia.es\/iesjuliorodriguez\/wp-json\/wp\/v2\/media?parent=4443"}],"wp:term":[{"taxonomy":"category","embeddable":true,"href":"https:\/\/blogsaverroes.juntadeandalucia.es\/iesjuliorodriguez\/wp-json\/wp\/v2\/categories?post=4443"},{"taxonomy":"post_tag","embeddable":true,"href":"https:\/\/blogsaverroes.juntadeandalucia.es\/iesjuliorodriguez\/wp-json\/wp\/v2\/tags?post=4443"}],"curies":[{"name":"wp","href":"https:\/\/api.w.org\/{rel}","templated":true}]}}