{"id":4853,"date":"2023-01-29T20:03:30","date_gmt":"2023-01-29T19:03:30","guid":{"rendered":"https:\/\/iesjuliorodriguez.es\/?p=4853"},"modified":"2023-01-29T20:03:30","modified_gmt":"2023-01-29T19:03:30","slug":"carros-de-carga-y-transporte-para-portatiles","status":"publish","type":"post","link":"https:\/\/blogsaverroes.juntadeandalucia.es\/iesjuliorodriguez\/carros-de-carga-y-transporte-para-portatiles\/","title":{"rendered":"Carros de carga y transporte para port\u00e1tiles"},"content":{"rendered":"\n<p>En el IES Julio Rodr\u00edguez seguimos apostando por la nuevas tecnolog\u00edas. Hemos recibido cinco carros de carga y transporte de port\u00e1tiles y tablets que se unen a los tres que ya ten\u00edamos.<\/p>\n\n\n\n<figure class=\"wp-block-gallery has-nested-images columns-default is-cropped wp-block-gallery-1 is-layout-flex wp-block-gallery-is-layout-flex\">\n<figure class=\"wp-block-image size-large\"><img decoding=\"async\" data-id=\"4854\" src=\"https:\/\/iesjuliorodriguez.es\/wordpress\/wp-content\/uploads\/2023\/01\/2023-01-27-nuevos-carros-portatiles-1-1024x771.jpg\" alt=\"\" class=\"wp-image-4854\" \/><\/figure>\n\n\n\n<figure class=\"wp-block-image size-large\"><img decoding=\"async\" data-id=\"4855\" src=\"https:\/\/iesjuliorodriguez.es\/wordpress\/wp-content\/uploads\/2023\/01\/2023-01-27-nuevos-carros-portatiles-3-1024x771.jpg\" alt=\"\" class=\"wp-image-4855\" \/><\/figure>\n<\/figure>\n","protected":false},"excerpt":{"rendered":"<p>En el IES Julio Rodr\u00edguez seguimos apostando por la nuevas tecnolog\u00edas. Hemos recibido cinco carros de carga y transporte de port\u00e1tiles y tablets que se unen a los tres que ya ten\u00edamos.<\/p>\n","protected":false},"author":19333,"featured_media":4854,"comment_status":"closed","ping_status":"closed","sticky":false,"template":"","format":"standard","meta":{"_et_pb_use_builder":"","_et_pb_old_content":"","_et_gb_content_width":"","ngg_post_thumbnail":0,"footnotes":""},"categories":[26,47,58],"tags":[],"aioseo_notices":[],"_links":{"self":[{"href":"https:\/\/blogsaverroes.juntadeandalucia.es\/iesjuliorodriguez\/wp-json\/wp\/v2\/posts\/4853"}],"collection":[{"href":"https:\/\/blogsaverroes.juntadeandalucia.es\/iesjuliorodriguez\/wp-json\/wp\/v2\/posts"}],"about":[{"href":"https:\/\/blogsaverroes.juntadeandalucia.es\/iesjuliorodriguez\/wp-json\/wp\/v2\/types\/post"}],"author":[{"embeddable":true,"href":"https:\/\/blogsaverroes.juntadeandalucia.es\/iesjuliorodriguez\/wp-json\/wp\/v2\/users\/19333"}],"replies":[{"embeddable":true,"href":"https:\/\/blogsaverroes.juntadeandalucia.es\/iesjuliorodriguez\/wp-json\/wp\/v2\/comments?post=4853"}],"version-history":[{"count":0,"href":"https:\/\/blogsaverroes.juntadeandalucia.es\/iesjuliorodriguez\/wp-json\/wp\/v2\/posts\/4853\/revisions"}],"wp:featuredmedia":[{"embeddable":true,"href":"https:\/\/blogsaverroes.juntadeandalucia.es\/iesjuliorodriguez\/wp-json\/wp\/v2\/media\/4854"}],"wp:attachment":[{"href":"https:\/\/blogsaverroes.juntadeandalucia.es\/iesjuliorodriguez\/wp-json\/wp\/v2\/media?parent=4853"}],"wp:term":[{"taxonomy":"category","embeddable":true,"href":"https:\/\/blogsaverroes.juntadeandalucia.es\/iesjuliorodriguez\/wp-json\/wp\/v2\/categories?post=4853"},{"taxonomy":"post_tag","embeddable":true,"href":"https:\/\/blogsaverroes.juntadeandalucia.es\/iesjuliorodriguez\/wp-json\/wp\/v2\/tags?post=4853"}],"curies":[{"name":"wp","href":"https:\/\/api.w.org\/{rel}","templated":true}]}}