{"id":4867,"date":"2023-01-31T18:21:11","date_gmt":"2023-01-31T17:21:11","guid":{"rendered":"https:\/\/iesjuliorodriguez.es\/?p=4867"},"modified":"2023-01-31T18:21:11","modified_gmt":"2023-01-31T17:21:11","slug":"dia-de-la-educacion-ambiental","status":"publish","type":"post","link":"https:\/\/blogsaverroes.juntadeandalucia.es\/iesjuliorodriguez\/dia-de-la-educacion-ambiental\/","title":{"rendered":"D\u00eda de la educaci\u00f3n ambiental"},"content":{"rendered":"\n<p><strong>Desde el Departamento de Biolog\u00eda y Geolog\u00eda hemos realizado varias actividades con motivo de la celebraci\u00f3n del &#8220;D\u00eda de la Educaci\u00f3n Ambiental&#8221; siguiendo a su vez, la l\u00ednea de trabajo del Programa para la Innovaci\u00f3n Educativa ALDEA. En primer lugar, nuestro alumnado de la materia de Ciencias de la Tierra y del Medio Ambiente de 2\u00b0 de Bachillerato trabaj\u00f3 en esta asignatura la exposici\u00f3n &#8220;Expo Clima&#8221; que ha compartido con nosotros El Batracio Amarillo y, posteriormente, la presentaron a varios grupos de ESO. Desde aqu\u00ed queremos darle la enhorabuena por el buen trabajo realizado por nuestros alumnos, sois unos grandes comunicadores. Adem\u00e1s, nuestros alumnos de 1\u00b0 Bachillerato de Ciencias junto con otros alumnos de 2\u00b0 de Bachillerato asistieron a la charla online &#8220;El hombre y la Tierra&#8221; de Odile Rodr\u00edguez de la Fuente que siguiendo el legado de su padre nos mostr\u00f3 la importancia de vivir en armon\u00eda con la naturaleza.<\/strong><\/p>\n\n\n\n<figure class=\"wp-block-gallery has-nested-images columns-default is-cropped wp-block-gallery-1 is-layout-flex wp-block-gallery-is-layout-flex\">\n<figure class=\"wp-block-image size-large\"><img decoding=\"async\" data-id=\"4869\" src=\"https:\/\/blogsaverroes.juntadeandalucia.es\/iesjuliorodriguez\/files\/2023\/01\/2023-01-30-Dia-de-la-educacion-ambiental-2o-Bach-1-1-1024x768.jpeg\" alt=\"\" class=\"wp-image-4869\" \/><\/figure>\n\n\n\n<figure class=\"wp-block-image size-large\"><img loading=\"lazy\" decoding=\"async\" width=\"959\" height=\"1024\" data-id=\"4872\" src=\"https:\/\/blogsaverroes.juntadeandalucia.es\/iesjuliorodriguez\/files\/2023\/01\/2023-01-30-Dia-de-la-educacion-ambiental-2o-Bach-2-959x1024.jpeg\" alt=\"\" class=\"wp-image-4872\" \/><\/figure>\n\n\n\n<figure class=\"wp-block-image size-large\"><img loading=\"lazy\" decoding=\"async\" width=\"1024\" height=\"645\" data-id=\"4873\" src=\"https:\/\/blogsaverroes.juntadeandalucia.es\/iesjuliorodriguez\/files\/2023\/01\/2023-01-30-Dia-de-la-educacion-ambiental-2o-Bach-3-1024x645.jpeg\" alt=\"\" class=\"wp-image-4873\" srcset=\"https:\/\/blogsaverroes.juntadeandalucia.es\/iesjuliorodriguez\/files\/2023\/01\/2023-01-30-Dia-de-la-educacion-ambiental-2o-Bach-3-980x617.jpeg 980w, https:\/\/blogsaverroes.juntadeandalucia.es\/iesjuliorodriguez\/files\/2023\/01\/2023-01-30-Dia-de-la-educacion-ambiental-2o-Bach-3-480x302.jpeg 480w\" sizes=\"(min-width: 0px) and (max-width: 480px) 480px, (min-width: 481px) and (max-width: 980px) 980px, (min-width: 981px) 1024px, 100vw\" \/><\/figure>\n\n\n\n<figure class=\"wp-block-image size-large\"><img loading=\"lazy\" decoding=\"async\" width=\"1024\" height=\"461\" data-id=\"4871\" src=\"https:\/\/blogsaverroes.juntadeandalucia.es\/iesjuliorodriguez\/files\/2023\/01\/2023-01-30-Dia-de-la-educacion-ambiental-2o-Bach-4-1024x461.jpeg\" alt=\"\" class=\"wp-image-4871\" srcset=\"https:\/\/blogsaverroes.juntadeandalucia.es\/iesjuliorodriguez\/files\/2023\/01\/2023-01-30-Dia-de-la-educacion-ambiental-2o-Bach-4-980x441.jpeg 980w, https:\/\/blogsaverroes.juntadeandalucia.es\/iesjuliorodriguez\/files\/2023\/01\/2023-01-30-Dia-de-la-educacion-ambiental-2o-Bach-4-480x216.jpeg 480w\" sizes=\"(min-width: 0px) and (max-width: 480px) 480px, (min-width: 481px) and (max-width: 980px) 980px, (min-width: 981px) 1024px, 100vw\" \/><\/figure>\n\n\n\n<figure class=\"wp-block-image size-large\"><img loading=\"lazy\" decoding=\"async\" width=\"1024\" height=\"461\" data-id=\"4868\" src=\"https:\/\/blogsaverroes.juntadeandalucia.es\/iesjuliorodriguez\/files\/2023\/01\/2023-01-30-Dia-de-la-educacion-ambiental-2o-Bach-5-1024x461.jpeg\" alt=\"\" class=\"wp-image-4868\" srcset=\"https:\/\/blogsaverroes.juntadeandalucia.es\/iesjuliorodriguez\/files\/2023\/01\/2023-01-30-Dia-de-la-educacion-ambiental-2o-Bach-5-980x441.jpeg 980w, https:\/\/blogsaverroes.juntadeandalucia.es\/iesjuliorodriguez\/files\/2023\/01\/2023-01-30-Dia-de-la-educacion-ambiental-2o-Bach-5-480x216.jpeg 480w\" sizes=\"(min-width: 0px) and (max-width: 480px) 480px, (min-width: 481px) and (max-width: 980px) 980px, (min-width: 981px) 1024px, 100vw\" \/><\/figure>\n\n\n\n<figure class=\"wp-block-image size-large\"><img loading=\"lazy\" decoding=\"async\" width=\"1024\" height=\"461\" data-id=\"4870\" src=\"https:\/\/blogsaverroes.juntadeandalucia.es\/iesjuliorodriguez\/files\/2023\/01\/2023-01-30-Dia-de-la-educacion-ambiental-2o-Bach-6-1024x461.jpeg\" alt=\"\" class=\"wp-image-4870\" srcset=\"https:\/\/blogsaverroes.juntadeandalucia.es\/iesjuliorodriguez\/files\/2023\/01\/2023-01-30-Dia-de-la-educacion-ambiental-2o-Bach-6-980x441.jpeg 980w, https:\/\/blogsaverroes.juntadeandalucia.es\/iesjuliorodriguez\/files\/2023\/01\/2023-01-30-Dia-de-la-educacion-ambiental-2o-Bach-6-480x216.jpeg 480w\" sizes=\"(min-width: 0px) and (max-width: 480px) 480px, (min-width: 481px) and (max-width: 980px) 980px, (min-width: 981px) 1024px, 100vw\" \/><\/figure>\n\n\n\n<figure class=\"wp-block-image size-large\"><img loading=\"lazy\" decoding=\"async\" width=\"461\" height=\"1024\" data-id=\"4874\" src=\"https:\/\/blogsaverroes.juntadeandalucia.es\/iesjuliorodriguez\/files\/2023\/01\/2023-01-30-Dia-de-la-educacion-ambiental-2o-Bach-7-461x1024.jpeg\" alt=\"\" class=\"wp-image-4874\" \/><\/figure>\n\n\n\n<figure class=\"wp-block-image size-large\"><img loading=\"lazy\" decoding=\"async\" width=\"461\" height=\"1024\" data-id=\"4875\" src=\"https:\/\/blogsaverroes.juntadeandalucia.es\/iesjuliorodriguez\/files\/2023\/01\/2023-01-30-Dia-de-la-educacion-ambiental-2o-Bach-8-461x1024.jpeg\" alt=\"\" class=\"wp-image-4875\" \/><\/figure>\n<\/figure>\n","protected":false},"excerpt":{"rendered":"<p>Desde el Departamento de Biolog\u00eda y Geolog\u00eda hemos realizado varias actividades con motivo de la celebraci\u00f3n del &#8220;D\u00eda de la Educaci\u00f3n Ambiental&#8221; siguiendo a su vez, la l\u00ednea de trabajo del Programa para la Innovaci\u00f3n Educativa ALDEA. En primer lugar, nuestro alumnado de la materia de Ciencias de la Tierra y del Medio Ambiente de [&hellip;]<\/p>\n","protected":false},"author":19333,"featured_media":4872,"comment_status":"closed","ping_status":"closed","sticky":false,"template":"","format":"standard","meta":{"_et_pb_use_builder":"","_et_pb_old_content":"","_et_gb_content_width":"","ngg_post_thumbnail":0,"footnotes":""},"categories":[10,26,29,50],"tags":[],"aioseo_notices":[],"_links":{"self":[{"href":"https:\/\/blogsaverroes.juntadeandalucia.es\/iesjuliorodriguez\/wp-json\/wp\/v2\/posts\/4867"}],"collection":[{"href":"https:\/\/blogsaverroes.juntadeandalucia.es\/iesjuliorodriguez\/wp-json\/wp\/v2\/posts"}],"about":[{"href":"https:\/\/blogsaverroes.juntadeandalucia.es\/iesjuliorodriguez\/wp-json\/wp\/v2\/types\/post"}],"author":[{"embeddable":true,"href":"https:\/\/blogsaverroes.juntadeandalucia.es\/iesjuliorodriguez\/wp-json\/wp\/v2\/users\/19333"}],"replies":[{"embeddable":true,"href":"https:\/\/blogsaverroes.juntadeandalucia.es\/iesjuliorodriguez\/wp-json\/wp\/v2\/comments?post=4867"}],"version-history":[{"count":0,"href":"https:\/\/blogsaverroes.juntadeandalucia.es\/iesjuliorodriguez\/wp-json\/wp\/v2\/posts\/4867\/revisions"}],"wp:featuredmedia":[{"embeddable":true,"href":"https:\/\/blogsaverroes.juntadeandalucia.es\/iesjuliorodriguez\/wp-json\/wp\/v2\/media\/4872"}],"wp:attachment":[{"href":"https:\/\/blogsaverroes.juntadeandalucia.es\/iesjuliorodriguez\/wp-json\/wp\/v2\/media?parent=4867"}],"wp:term":[{"taxonomy":"category","embeddable":true,"href":"https:\/\/blogsaverroes.juntadeandalucia.es\/iesjuliorodriguez\/wp-json\/wp\/v2\/categories?post=4867"},{"taxonomy":"post_tag","embeddable":true,"href":"https:\/\/blogsaverroes.juntadeandalucia.es\/iesjuliorodriguez\/wp-json\/wp\/v2\/tags?post=4867"}],"curies":[{"name":"wp","href":"https:\/\/api.w.org\/{rel}","templated":true}]}}