{"id":4890,"date":"2023-01-31T18:29:10","date_gmt":"2023-01-31T17:29:10","guid":{"rendered":"https:\/\/iesjuliorodriguez.es\/?p=4890"},"modified":"2023-01-31T18:29:10","modified_gmt":"2023-01-31T17:29:10","slug":"cueva-de-las-ventanas-1o-eso","status":"publish","type":"post","link":"https:\/\/blogsaverroes.juntadeandalucia.es\/iesjuliorodriguez\/cueva-de-las-ventanas-1o-eso\/","title":{"rendered":"Cueva de las ventanas 1\u00ba ESO"},"content":{"rendered":"\n<p><br>El pasado noviembre nuestro alumando de 1\u00ba ESO se desplaz\u00f3 a P\u00ed\u00f1ar para visitar la conocida Cueva de las ventanas. Desde el centro del pueblo llegaron a la cueva en el tren tur\u00edstico y tambi\u00e9n relaizaron una actividad sobre la prehistoria.<\/p>\n\n\n\n<figure class=\"wp-block-gallery has-nested-images columns-default is-cropped wp-block-gallery-1 is-layout-flex wp-block-gallery-is-layout-flex\">\n<figure class=\"wp-block-image size-large\"><img decoding=\"async\" data-id=\"4896\" src=\"https:\/\/blogsaverroes.juntadeandalucia.es\/iesjuliorodriguez\/files\/2023\/01\/2022-11-29-1o-ESO-en-la-Cueva-de-las-ventanas-Pinar-1-1-1024x768.jpeg\" alt=\"\" class=\"wp-image-4896\" \/><\/figure>\n\n\n\n<figure class=\"wp-block-image size-large\"><img decoding=\"async\" data-id=\"4897\" src=\"https:\/\/blogsaverroes.juntadeandalucia.es\/iesjuliorodriguez\/files\/2023\/01\/2022-11-29-1o-ESO-en-la-Cueva-de-las-ventanas-Pinar-2-1-1024x461.jpeg\" alt=\"\" class=\"wp-image-4897\" \/><\/figure>\n\n\n\n<figure class=\"wp-block-image size-large\"><img loading=\"lazy\" decoding=\"async\" width=\"1024\" height=\"461\" data-id=\"4892\" src=\"https:\/\/blogsaverroes.juntadeandalucia.es\/iesjuliorodriguez\/files\/2023\/01\/2022-11-29-1o-ESO-en-la-Cueva-de-las-ventanas-Pinar-3-1024x461.jpeg\" alt=\"\" class=\"wp-image-4892\" srcset=\"https:\/\/blogsaverroes.juntadeandalucia.es\/iesjuliorodriguez\/files\/2023\/01\/2022-11-29-1o-ESO-en-la-Cueva-de-las-ventanas-Pinar-3-980x441.jpeg 980w, https:\/\/blogsaverroes.juntadeandalucia.es\/iesjuliorodriguez\/files\/2023\/01\/2022-11-29-1o-ESO-en-la-Cueva-de-las-ventanas-Pinar-3-480x216.jpeg 480w\" sizes=\"(min-width: 0px) and (max-width: 480px) 480px, (min-width: 481px) and (max-width: 980px) 980px, (min-width: 981px) 1024px, 100vw\" \/><\/figure>\n\n\n\n<figure class=\"wp-block-image size-large\"><img decoding=\"async\" data-id=\"4894\" src=\"https:\/\/blogsaverroes.juntadeandalucia.es\/iesjuliorodriguez\/files\/2023\/01\/2022-11-29-1o-ESO-en-la-Cueva-de-las-ventanas-Pinar-4-1-1024x461.jpeg\" alt=\"\" class=\"wp-image-4894\" \/><\/figure>\n\n\n\n<figure class=\"wp-block-image size-large\"><img decoding=\"async\" data-id=\"4893\" src=\"https:\/\/blogsaverroes.juntadeandalucia.es\/iesjuliorodriguez\/files\/2023\/01\/2022-11-29-1o-ESO-en-la-Cueva-de-las-ventanas-Pinar-5-1-1024x461.jpeg\" alt=\"\" class=\"wp-image-4893\" \/><\/figure>\n\n\n\n<figure class=\"wp-block-image size-large\"><img decoding=\"async\" data-id=\"4895\" src=\"https:\/\/blogsaverroes.juntadeandalucia.es\/iesjuliorodriguez\/files\/2023\/01\/2022-11-29-1o-ESO-en-la-Cueva-de-las-ventanas-Pinar-6-1-1024x461.jpeg\" alt=\"\" class=\"wp-image-4895\" \/><\/figure>\n\n\n\n<figure class=\"wp-block-image size-large\"><img decoding=\"async\" data-id=\"4898\" src=\"https:\/\/blogsaverroes.juntadeandalucia.es\/iesjuliorodriguez\/files\/2023\/01\/2022-11-29-1o-ESO-en-la-Cueva-de-las-ventanas-Pinar-7-1-1024x461.jpeg\" alt=\"\" class=\"wp-image-4898\" \/><\/figure>\n\n\n\n<figure class=\"wp-block-image size-large\"><img decoding=\"async\" data-id=\"4899\" src=\"https:\/\/blogsaverroes.juntadeandalucia.es\/iesjuliorodriguez\/files\/2023\/01\/2022-11-29-1o-ESO-en-la-Cueva-de-las-ventanas-Pinar-8-1024x768.jpeg\" alt=\"\" class=\"wp-image-4899\" \/><\/figure>\n\n\n\n<figure class=\"wp-block-image size-large\"><img decoding=\"async\" data-id=\"4900\" src=\"https:\/\/blogsaverroes.juntadeandalucia.es\/iesjuliorodriguez\/files\/2023\/01\/2022-11-29-1o-ESO-en-la-Cueva-de-las-ventanas-Pinar-9-1024x768.jpeg\" alt=\"\" class=\"wp-image-4900\" \/><\/figure>\n\n\n\n<figure class=\"wp-block-image size-large\"><img decoding=\"async\" data-id=\"4901\" src=\"https:\/\/blogsaverroes.juntadeandalucia.es\/iesjuliorodriguez\/files\/2023\/01\/2022-11-29-1o-ESO-en-la-Cueva-de-las-ventanas-Pinar-10-1024x768.jpeg\" alt=\"\" class=\"wp-image-4901\" \/><\/figure>\n<\/figure>\n","protected":false},"excerpt":{"rendered":"<p>El pasado noviembre nuestro alumando de 1\u00ba ESO se desplaz\u00f3 a P\u00ed\u00f1ar para visitar la conocida Cueva de las ventanas. Desde el centro del pueblo llegaron a la cueva en el tren tur\u00edstico y tambi\u00e9n relaizaron una actividad sobre la prehistoria.<\/p>\n","protected":false},"author":19333,"featured_media":4899,"comment_status":"closed","ping_status":"closed","sticky":false,"template":"","format":"standard","meta":{"_et_pb_use_builder":"","_et_pb_old_content":"","_et_gb_content_width":"","ngg_post_thumbnail":0,"footnotes":""},"categories":[10,26,35],"tags":[],"aioseo_notices":[],"_links":{"self":[{"href":"https:\/\/blogsaverroes.juntadeandalucia.es\/iesjuliorodriguez\/wp-json\/wp\/v2\/posts\/4890"}],"collection":[{"href":"https:\/\/blogsaverroes.juntadeandalucia.es\/iesjuliorodriguez\/wp-json\/wp\/v2\/posts"}],"about":[{"href":"https:\/\/blogsaverroes.juntadeandalucia.es\/iesjuliorodriguez\/wp-json\/wp\/v2\/types\/post"}],"author":[{"embeddable":true,"href":"https:\/\/blogsaverroes.juntadeandalucia.es\/iesjuliorodriguez\/wp-json\/wp\/v2\/users\/19333"}],"replies":[{"embeddable":true,"href":"https:\/\/blogsaverroes.juntadeandalucia.es\/iesjuliorodriguez\/wp-json\/wp\/v2\/comments?post=4890"}],"version-history":[{"count":0,"href":"https:\/\/blogsaverroes.juntadeandalucia.es\/iesjuliorodriguez\/wp-json\/wp\/v2\/posts\/4890\/revisions"}],"wp:featuredmedia":[{"embeddable":true,"href":"https:\/\/blogsaverroes.juntadeandalucia.es\/iesjuliorodriguez\/wp-json\/wp\/v2\/media\/4899"}],"wp:attachment":[{"href":"https:\/\/blogsaverroes.juntadeandalucia.es\/iesjuliorodriguez\/wp-json\/wp\/v2\/media?parent=4890"}],"wp:term":[{"taxonomy":"category","embeddable":true,"href":"https:\/\/blogsaverroes.juntadeandalucia.es\/iesjuliorodriguez\/wp-json\/wp\/v2\/categories?post=4890"},{"taxonomy":"post_tag","embeddable":true,"href":"https:\/\/blogsaverroes.juntadeandalucia.es\/iesjuliorodriguez\/wp-json\/wp\/v2\/tags?post=4890"}],"curies":[{"name":"wp","href":"https:\/\/api.w.org\/{rel}","templated":true}]}}