{"id":5758,"date":"2023-06-05T12:39:23","date_gmt":"2023-06-05T10:39:23","guid":{"rendered":"https:\/\/iesjuliorodriguez.es\/?p=5758"},"modified":"2023-06-05T12:39:23","modified_gmt":"2023-06-05T10:39:23","slug":"alumnado-premiado-de-3o-eso-a-y-4-eso-c","status":"publish","type":"post","link":"https:\/\/blogsaverroes.juntadeandalucia.es\/iesjuliorodriguez\/alumnado-premiado-de-3o-eso-a-y-4-eso-c\/","title":{"rendered":"Alumnado premiado de 3\u00ba ESO A y 4\u00b0 ESO C\u00a0"},"content":{"rendered":"\n<p>Alumnado premiado de 3\u00ba ESO A y 4\u00b0 ESO C tras la realizaci\u00f3n de la gymkhana por Nerja en la que ten\u00edan que pasar diferentes pruebas y hablar con nativos en ingl\u00e9s. Enhorabuena<\/p>\n\n\n\n<figure class=\"wp-block-gallery has-nested-images columns-default is-cropped wp-block-gallery-1 is-layout-flex wp-block-gallery-is-layout-flex\">\n<figure class=\"wp-block-image size-large\"><img loading=\"lazy\" decoding=\"async\" width=\"1024\" height=\"768\" data-id=\"5759\" src=\"https:\/\/blogsaverroes.juntadeandalucia.es\/iesjuliorodriguez\/files\/2023\/06\/2023-06-02-Ganadores-Gymkhna-Nerja-1.jpg\" alt=\"\" class=\"wp-image-5759\" srcset=\"https:\/\/blogsaverroes.juntadeandalucia.es\/iesjuliorodriguez\/files\/2023\/06\/2023-06-02-Ganadores-Gymkhna-Nerja-1.jpg 1024w, https:\/\/blogsaverroes.juntadeandalucia.es\/iesjuliorodriguez\/files\/2023\/06\/2023-06-02-Ganadores-Gymkhna-Nerja-1-980x735.jpg 980w, https:\/\/blogsaverroes.juntadeandalucia.es\/iesjuliorodriguez\/files\/2023\/06\/2023-06-02-Ganadores-Gymkhna-Nerja-1-480x360.jpg 480w\" sizes=\"(min-width: 0px) and (max-width: 480px) 480px, (min-width: 481px) and (max-width: 980px) 980px, (min-width: 981px) 1024px, 100vw\" \/><\/figure>\n\n\n\n<figure class=\"wp-block-image size-large\"><img loading=\"lazy\" decoding=\"async\" width=\"1024\" height=\"768\" data-id=\"5760\" src=\"https:\/\/blogsaverroes.juntadeandalucia.es\/iesjuliorodriguez\/files\/2023\/06\/2023-06-02-Ganadores-Gymkhna-Nerja-2-1-1024x768.jpg\" alt=\"\" class=\"wp-image-5760\" srcset=\"https:\/\/blogsaverroes.juntadeandalucia.es\/iesjuliorodriguez\/files\/2023\/06\/2023-06-02-Ganadores-Gymkhna-Nerja-2-1-980x735.jpg 980w, https:\/\/blogsaverroes.juntadeandalucia.es\/iesjuliorodriguez\/files\/2023\/06\/2023-06-02-Ganadores-Gymkhna-Nerja-2-1-480x360.jpg 480w\" sizes=\"(min-width: 0px) and (max-width: 480px) 480px, (min-width: 481px) and (max-width: 980px) 980px, (min-width: 981px) 1024px, 100vw\" \/><\/figure>\n<\/figure>\n\n\n\n<p><\/p>\n","protected":false},"excerpt":{"rendered":"<p>Alumnado premiado de 3\u00ba ESO A y 4\u00b0 ESO C tras la realizaci\u00f3n de la gymkhana por Nerja en la que ten\u00edan que pasar diferentes pruebas y hablar con nativos en ingl\u00e9s. Enhorabuena<\/p>\n","protected":false},"author":19333,"featured_media":5760,"comment_status":"closed","ping_status":"closed","sticky":false,"template":"","format":"standard","meta":{"_et_pb_use_builder":"","_et_pb_old_content":"","_et_gb_content_width":"","ngg_post_thumbnail":0,"footnotes":""},"categories":[10,14,26,36],"tags":[],"aioseo_notices":[],"_links":{"self":[{"href":"https:\/\/blogsaverroes.juntadeandalucia.es\/iesjuliorodriguez\/wp-json\/wp\/v2\/posts\/5758"}],"collection":[{"href":"https:\/\/blogsaverroes.juntadeandalucia.es\/iesjuliorodriguez\/wp-json\/wp\/v2\/posts"}],"about":[{"href":"https:\/\/blogsaverroes.juntadeandalucia.es\/iesjuliorodriguez\/wp-json\/wp\/v2\/types\/post"}],"author":[{"embeddable":true,"href":"https:\/\/blogsaverroes.juntadeandalucia.es\/iesjuliorodriguez\/wp-json\/wp\/v2\/users\/19333"}],"replies":[{"embeddable":true,"href":"https:\/\/blogsaverroes.juntadeandalucia.es\/iesjuliorodriguez\/wp-json\/wp\/v2\/comments?post=5758"}],"version-history":[{"count":0,"href":"https:\/\/blogsaverroes.juntadeandalucia.es\/iesjuliorodriguez\/wp-json\/wp\/v2\/posts\/5758\/revisions"}],"wp:featuredmedia":[{"embeddable":true,"href":"https:\/\/blogsaverroes.juntadeandalucia.es\/iesjuliorodriguez\/wp-json\/wp\/v2\/media\/5760"}],"wp:attachment":[{"href":"https:\/\/blogsaverroes.juntadeandalucia.es\/iesjuliorodriguez\/wp-json\/wp\/v2\/media?parent=5758"}],"wp:term":[{"taxonomy":"category","embeddable":true,"href":"https:\/\/blogsaverroes.juntadeandalucia.es\/iesjuliorodriguez\/wp-json\/wp\/v2\/categories?post=5758"},{"taxonomy":"post_tag","embeddable":true,"href":"https:\/\/blogsaverroes.juntadeandalucia.es\/iesjuliorodriguez\/wp-json\/wp\/v2\/tags?post=5758"}],"curies":[{"name":"wp","href":"https:\/\/api.w.org\/{rel}","templated":true}]}}