{"id":7405,"date":"2008-10-01T10:02:06","date_gmt":"2008-10-01T08:02:06","guid":{"rendered":"http:\/\/iesjuliorodriguez.es\/wordpress\/?p=33"},"modified":"2008-10-01T10:02:06","modified_gmt":"2008-10-01T08:02:06","slug":"ramonportillo","status":"publish","type":"post","link":"https:\/\/blogsaverroes.juntadeandalucia.es\/iesjuliorodriguez\/ramonportillo\/","title":{"rendered":"Jornada art\u00edstica homenaje a Ram\u00f3n Portillo"},"content":{"rendered":"<p>Alumnos y alumnas de nuestro instituto participaron en la jornada art\u00edstica homenaje a Ram\u00f3n Portillo que se desarroll\u00f3 en el Parque de Los Pueblos de Am\u00e9rica.<\/p>\n<div class=\"pi_wrap_fipg\">[pi_ifg data_shortcodeid=&#8217;pi_ifg&#8217; pi_user_id=&#8221;109875492863926900902&#8243; pi_album_id=&#8221;5483698480208590017&#8243; pi_sort_album=&#8221;standard&#8221; pi_type=&#8221;picasa&#8221; pi_theme=&#8221;light&#8221; pi_thumbnail_alignment=&#8221;justified&#8221; pi_thumbnail_lazyload=&#8221;true&#8221; thumbnail_width=&#8221;&#8221; thumbnail_height=&#8221;&#8221; pagination_max_thumbnail_lines_per_page=&#8221;&#8221; thumbnail_gutter_height=&#8221;&#8221; max_item_per_line=&#8221;&#8221; pi_breadcrumb=&#8221;true&#8221; pi_thumbnail_label=&#8221;true&#8221; pi_thumbnail_label_alignment=&#8221;center&#8221; pi_thumbnail_label_position=&#8221;overImageOnBottom&#8221; pi_max_width=&#8221;&#8221; pi_color_scheme=&#8221;none&#8221; pi_thumbnail_hover_effect=&#8221;slideUp&#8221; pi_item_selectable=&#8221;false&#8221; pi_rtl=&#8221;false&#8221;]<\/div>\n<p>&nbsp;<\/p>\n<div id=\"__tbSetup\"><\/div>\n","protected":false},"excerpt":{"rendered":"<p>Alumnos y alumnas de nuestro instituto participaron en la jornada art\u00edstica homenaje a Ram\u00f3n Portillo que se desarroll\u00f3 en el Parque de Los Pueblos de Am\u00e9rica. [pi_ifg data_shortcodeid=&#8217;pi_ifg&#8217; pi_user_id=&#8221;109875492863926900902&#8243; pi_album_id=&#8221;5483698480208590017&#8243; pi_sort_album=&#8221;standard&#8221; pi_type=&#8221;picasa&#8221; pi_theme=&#8221;light&#8221; pi_thumbnail_alignment=&#8221;justified&#8221; pi_thumbnail_lazyload=&#8221;true&#8221; thumbnail_width=&#8221;&#8221; thumbnail_height=&#8221;&#8221; pagination_max_thumbnail_lines_per_page=&#8221;&#8221; thumbnail_gutter_height=&#8221;&#8221; max_item_per_line=&#8221;&#8221; pi_breadcrumb=&#8221;true&#8221; pi_thumbnail_label=&#8221;true&#8221; pi_thumbnail_label_alignment=&#8221;center&#8221; pi_thumbnail_label_position=&#8221;overImageOnBottom&#8221; pi_max_width=&#8221;&#8221; pi_color_scheme=&#8221;none&#8221; pi_thumbnail_hover_effect=&#8221;slideUp&#8221; pi_item_selectable=&#8221;false&#8221; pi_rtl=&#8221;false&#8221;] &nbsp;<\/p>\n","protected":false},"author":19333,"featured_media":0,"comment_status":"open","ping_status":"open","sticky":false,"template":"","format":"standard","meta":{"_et_pb_use_builder":"","_et_pb_old_content":"","_et_gb_content_width":"","ngg_post_thumbnail":0,"footnotes":""},"categories":[10,16,31,59],"tags":[],"aioseo_notices":[],"_links":{"self":[{"href":"https:\/\/blogsaverroes.juntadeandalucia.es\/iesjuliorodriguez\/wp-json\/wp\/v2\/posts\/7405"}],"collection":[{"href":"https:\/\/blogsaverroes.juntadeandalucia.es\/iesjuliorodriguez\/wp-json\/wp\/v2\/posts"}],"about":[{"href":"https:\/\/blogsaverroes.juntadeandalucia.es\/iesjuliorodriguez\/wp-json\/wp\/v2\/types\/post"}],"author":[{"embeddable":true,"href":"https:\/\/blogsaverroes.juntadeandalucia.es\/iesjuliorodriguez\/wp-json\/wp\/v2\/users\/19333"}],"replies":[{"embeddable":true,"href":"https:\/\/blogsaverroes.juntadeandalucia.es\/iesjuliorodriguez\/wp-json\/wp\/v2\/comments?post=7405"}],"version-history":[{"count":0,"href":"https:\/\/blogsaverroes.juntadeandalucia.es\/iesjuliorodriguez\/wp-json\/wp\/v2\/posts\/7405\/revisions"}],"wp:attachment":[{"href":"https:\/\/blogsaverroes.juntadeandalucia.es\/iesjuliorodriguez\/wp-json\/wp\/v2\/media?parent=7405"}],"wp:term":[{"taxonomy":"category","embeddable":true,"href":"https:\/\/blogsaverroes.juntadeandalucia.es\/iesjuliorodriguez\/wp-json\/wp\/v2\/categories?post=7405"},{"taxonomy":"post_tag","embeddable":true,"href":"https:\/\/blogsaverroes.juntadeandalucia.es\/iesjuliorodriguez\/wp-json\/wp\/v2\/tags?post=7405"}],"curies":[{"name":"wp","href":"https:\/\/api.w.org\/{rel}","templated":true}]}}