{"id":7441,"date":"2015-04-06T09:21:36","date_gmt":"2015-04-06T09:21:36","guid":{"rendered":"http:\/\/iesjuliorodriguez.es\/wordpress\/?p=344"},"modified":"2015-04-06T09:21:36","modified_gmt":"2015-04-06T09:21:36","slug":"proximas-actividades-programadas-en-nuestro-centro","status":"publish","type":"post","link":"https:\/\/blogsaverroes.juntadeandalucia.es\/iesjuliorodriguez\/proximas-actividades-programadas-en-nuestro-centro\/","title":{"rendered":"PR\u00d3XIMAS ACTIVIDADES PROGRAMADAS EN NUESTRO CENTRO:"},"content":{"rendered":"<p><span style=\"text-decoration: underline\"><img loading=\"lazy\" decoding=\"async\" class=\" size-full wp-image-343\" src=\"https:\/\/blogsaverroes.juntadeandalucia.es\/iesjuliorodriguez\/files\/2015\/04\/logo.jpg\" alt=\"\" width=\"600\" height=\"420\" border=\"0\" \/><\/span><\/p>\n<p><span style=\"text-decoration: underline\">&#8212; 10 DE ABRIL<\/span><\/p>\n<p><span style=\"font-size: 12.1599998474121px;line-height: 1.3em\">Charla en el Sal\u00f3n de Actos:\u00a0<\/span><\/p>\n<p><span style=\"text-decoration: underline\"><strong><span style=\"font-size: 12.1599998474121px;line-height: 1.3em\">\u201cAstronom\u00eda en Granada: de Al-Andalus al espacio\u201d\u00a0<\/span><\/strong><\/span><\/p>\n<p><span style=\"font-size: 12.1599998474121px;line-height: 1.3em\"><span style=\"text-decoration: underline\"><strong>JOS\u00c9 MANUEL VILCHEZ<\/strong><\/span>, Director del Instituto de Astrof\u00edsica de Andaluc\u00eda \u2013 CSIC y antiguo alumno del\u00a0<\/span><span style=\"font-size: 12.1599998474121px;line-height: 1.3em\">IES Julio Rodr\u00edguez.<\/span><\/p>\n<p><span style=\"font-size: 12.1599998474121px;line-height: 1.3em\">Dirigida al alumnado de Bachillerato de nuestro IES. Las personas interesadas en asistir podr\u00e1n solicitarlo a\u00a0<\/span><span style=\"font-size: 12.1599998474121px;line-height: 1.3em\">la Direcci\u00f3n del Centro a trav\u00e9s del Departamento de Actividades Extraescolares.<\/span><\/p>\n<p>&nbsp;<\/p>\n<p><span style=\"text-decoration: underline\">&#8211;15 Y 16 DE ABRIL<\/span><\/p>\n<p><span style=\"font-size: 12.1599998474121px;line-height: 1.3em\"><span style=\"text-decoration: underline\"><strong>CARRERA SOLIDARIA<\/strong><\/span> en las instalaciones polideportivas de nuestro centro.\u00a0<\/span><\/p>\n<p><span style=\"font-size: 12.1599998474121px;line-height: 1.3em\">Los alumnos inscritos aportar\u00e1n 2\u20ac y correr\u00e1n para apoyar los programas del Fondo de Naciones Unidas\u00a0<\/span><span style=\"font-size: 12.1599998474121px;line-height: 1.3em\">para la Infancia (UNICEF).\u00a0<\/span><\/p>\n<p>&nbsp;<\/p>\n<p><span style=\"text-decoration: underline\">&#8211;17 DE ABRIL<\/span><\/p>\n<p><span style=\"font-size: 12.1599998474121px;line-height: 1.3em;text-decoration: underline\"><strong>MERCADILLO SOLIDARIO Y RECOGIDA DE ALIMENTOS NO PERECEDEROS<\/strong><\/span><span style=\"font-size: 12.1599998474121px;line-height: 1.3em\"> en el Patio de los Naranjos\u00a0<\/span><span style=\"font-size: 12.1599998474121px;line-height: 1.3em\">\u201cSebasti\u00e1n Garvayo\u201d la recaudaci\u00f3n obtenida se destinar\u00e1 este a\u00f1o para la rehabilitaci\u00f3n al ni\u00f1o de 4 a\u00f1os\u00a0<\/span><span style=\"font-size: 12.1599998474121px;line-height: 1.3em\">Antonio Jos\u00e9 Ballesteros, y los alimentos no perecederos se donar\u00e1n a la Asociaci\u00f3n Jes\u00fas Abandonado de\u00a0<\/span><span style=\"font-size: 12.1599998474121px;line-height: 1.3em\">Motril.<\/span><\/p>\n<p>&nbsp;<\/p>\n<p><span style=\"text-decoration: underline\">&#8211;24 DE ABRIL<\/span><\/p>\n<p><span style=\"font-size: 12.1599998474121px;line-height: 1.3em\">Charla en el Sal\u00f3n de Actos<\/span><\/p>\n<p><span style=\"text-decoration: underline\"><strong><span style=\"font-size: 12.1599998474121px;line-height: 1.3em\">\u201cLuci\u00e9rnagas en el olvido\u201d<\/span><\/strong><\/span><\/p>\n<p><span style=\"font-size: 12.1599998474121px;line-height: 1.3em\"><span style=\"text-decoration: underline\"><strong>JES\u00daS CABEZAS<\/strong><\/span>, M\u00e9dico del Hospital de Motril y antiguo alumno del IES Julio Rodr\u00edguez.<\/span><\/p>\n<p>&nbsp;<\/p>\n<p><span style=\"text-decoration: underline\">&#8211;15 DE MAYO<\/span><\/p>\n<p><span style=\"font-size: 12.1599998474121px;line-height: 1.3em\">Teatro en el Sal\u00f3n de Actos<\/span><\/p>\n<p><span style=\"font-size: 12.1599998474121px;line-height: 1.3em\"><span style=\"text-decoration: underline\"><strong>MILES DE PAYASOS<\/strong><\/span> una obra de Herb Gardner<\/span><\/p>\n<p><span style=\"font-size: 12.1599998474121px;line-height: 1.3em\">Direcci\u00f3n: <span style=\"text-decoration: underline\"><strong>CHRISTIAN W LINARES<\/strong><\/span>, Trabajador Social, Presidente de la Asociaci\u00f3n Juvenil Altair, Asociaci\u00f3n\u00a0<\/span><span style=\"font-size: 12.1599998474121px;line-height: 1.3em\">Cultural Th\u00e9\u00e2tres des Vampires y antiguo alumno del IES Julio Rodr\u00edguez.<\/span><\/p>\n","protected":false},"excerpt":{"rendered":"<p>&#8212; 10 DE ABRIL Charla en el Sal\u00f3n de Actos:\u00a0 \u201cAstronom\u00eda en Granada: de Al-Andalus al espacio\u201d\u00a0 JOS\u00c9 MANUEL VILCHEZ, Director del Instituto de Astrof\u00edsica de Andaluc\u00eda \u2013 CSIC y antiguo alumno del\u00a0IES Julio Rodr\u00edguez. Dirigida al alumnado de Bachillerato de nuestro IES. Las personas interesadas en asistir podr\u00e1n solicitarlo a\u00a0la Direcci\u00f3n del Centro a [&hellip;]<\/p>\n","protected":false},"author":19333,"featured_media":0,"comment_status":"open","ping_status":"open","sticky":false,"template":"","format":"standard","meta":{"_et_pb_use_builder":"","_et_pb_old_content":"","_et_gb_content_width":"","ngg_post_thumbnail":0,"footnotes":""},"categories":[59],"tags":[],"aioseo_notices":[],"_links":{"self":[{"href":"https:\/\/blogsaverroes.juntadeandalucia.es\/iesjuliorodriguez\/wp-json\/wp\/v2\/posts\/7441"}],"collection":[{"href":"https:\/\/blogsaverroes.juntadeandalucia.es\/iesjuliorodriguez\/wp-json\/wp\/v2\/posts"}],"about":[{"href":"https:\/\/blogsaverroes.juntadeandalucia.es\/iesjuliorodriguez\/wp-json\/wp\/v2\/types\/post"}],"author":[{"embeddable":true,"href":"https:\/\/blogsaverroes.juntadeandalucia.es\/iesjuliorodriguez\/wp-json\/wp\/v2\/users\/19333"}],"replies":[{"embeddable":true,"href":"https:\/\/blogsaverroes.juntadeandalucia.es\/iesjuliorodriguez\/wp-json\/wp\/v2\/comments?post=7441"}],"version-history":[{"count":0,"href":"https:\/\/blogsaverroes.juntadeandalucia.es\/iesjuliorodriguez\/wp-json\/wp\/v2\/posts\/7441\/revisions"}],"wp:attachment":[{"href":"https:\/\/blogsaverroes.juntadeandalucia.es\/iesjuliorodriguez\/wp-json\/wp\/v2\/media?parent=7441"}],"wp:term":[{"taxonomy":"category","embeddable":true,"href":"https:\/\/blogsaverroes.juntadeandalucia.es\/iesjuliorodriguez\/wp-json\/wp\/v2\/categories?post=7441"},{"taxonomy":"post_tag","embeddable":true,"href":"https:\/\/blogsaverroes.juntadeandalucia.es\/iesjuliorodriguez\/wp-json\/wp\/v2\/tags?post=7441"}],"curies":[{"name":"wp","href":"https:\/\/api.w.org\/{rel}","templated":true}]}}