{"id":7485,"date":"2016-03-01T22:20:15","date_gmt":"2016-03-01T22:20:15","guid":{"rendered":"http:\/\/iesjuliorodriguez.es\/?p=997"},"modified":"2016-03-01T22:20:15","modified_gmt":"2016-03-01T22:20:15","slug":"dia-de-andalucia-2016","status":"publish","type":"post","link":"https:\/\/blogsaverroes.juntadeandalucia.es\/iesjuliorodriguez\/dia-de-andalucia-2016\/","title":{"rendered":"D\u00eda de Andaluc\u00eda-2016"},"content":{"rendered":"<p>Un a\u00f1o m\u00e1s, el AMPA\u00a0 &#8220;Patio de los Naranjos&#8221; nos deleit\u00f3 con un magn\u00edfico desayuno andaluz a grandes y peque\u00f1os, en un soleado d\u00eda de febrero&#8230; Nuestro agradecimiento siempre a un trabajo silencioso y atento que cada a\u00f1o deja una huella a pan tierno, aceite de oliva virgen, az\u00facar, tomate, \u00a1y todo con una sonrisa!<\/p>\n<p>[peg-image src=&#8221;http:\/\/lh3.googleusercontent.com\/-4K1UyBjeAds\/VtYUyPQu8eI\/AAAAAAAADF4\/dc5DkYgWIro\/s144-o\/2016-03-01.jpg&#8221; href=&#8221;https:\/\/picasaweb.google.com\/109875492863926900902\/1DeMarzoDe2016#6257211585600614882&#8243; caption=&#8221;&#8221; type=&#8221;image&#8221; alt=&#8221;2016-03-01.jpg&#8221; image_size=&#8221;2592&#215;1936&#8243; peg_single_image_size=&#8221;w300&#8243; peg_img_align=&#8221;center&#8221; ] [peg-image src=&#8221;http:\/\/lh3.googleusercontent.com\/-4BgeH5yG-vU\/VtYUyKxWZsI\/AAAAAAAADF4\/jPz5WZbSUp4\/s144-o\/2016-03-01.jpg&#8221; href=&#8221;https:\/\/picasaweb.google.com\/109875492863926900902\/1DeMarzoDe2016#6257211584395241154&#8243; caption=&#8221;&#8221; type=&#8221;image&#8221; alt=&#8221;2016-03-01.jpg&#8221; image_size=&#8221;2592&#215;1936&#8243; peg_single_image_size=&#8221;w300&#8243; peg_img_align=&#8221;center&#8221; ] [peg-image src=&#8221;http:\/\/lh3.googleusercontent.com\/-EOKYpAgaIoc\/VtYUyC6t9XI\/AAAAAAAADF4\/HjQWdDXeh1Y\/s144-o\/2016-03-01.jpg&#8221; href=&#8221;https:\/\/picasaweb.google.com\/109875492863926900902\/1DeMarzoDe2016#6257211582287050098&#8243; caption=&#8221;&#8221; type=&#8221;image&#8221; alt=&#8221;2016-03-01.jpg&#8221; image_size=&#8221;2592&#215;1936&#8243; peg_single_image_size=&#8221;w300&#8243; peg_img_align=&#8221;center&#8221; ] [peg-image src=&#8221;http:\/\/lh3.googleusercontent.com\/-vFMaKX_AMjA\/VtYUyEXlVaI\/AAAAAAAADF4\/Neq8dME0rd8\/s144-o\/2016-03-01.jpg&#8221; href=&#8221;https:\/\/picasaweb.google.com\/109875492863926900902\/1DeMarzoDe2016#6257211582676555170&#8243; caption=&#8221;&#8221; type=&#8221;image&#8221; alt=&#8221;2016-03-01.jpg&#8221; image_size=&#8221;2592&#215;1936&#8243; peg_single_image_size=&#8221;w300&#8243; peg_img_align=&#8221;center&#8221; ] [peg-image src=&#8221;http:\/\/lh3.googleusercontent.com\/-NTiPH-xqA9s\/VtYUyFiNdXI\/AAAAAAAADF4\/02ZaLCVMzkE\/s144-o\/2016-03-01.jpg&#8221; href=&#8221;https:\/\/picasaweb.google.com\/109875492863926900902\/1DeMarzoDe2016#6257211582989563250&#8243; caption=&#8221;&#8221; type=&#8221;image&#8221; alt=&#8221;2016-03-01.jpg&#8221; image_size=&#8221;2592&#215;1936&#8243; peg_single_image_size=&#8221;w300&#8243; peg_img_align=&#8221;center&#8221; ]<\/p>\n<p class=\"clear\">\n","protected":false},"excerpt":{"rendered":"<p>Un a\u00f1o m\u00e1s, el AMPA\u00a0 &#8220;Patio de los Naranjos&#8221; nos deleit\u00f3 con un magn\u00edfico desayuno andaluz a grandes y peque\u00f1os, en un soleado d\u00eda de febrero&#8230; Nuestro agradecimiento siempre a un trabajo silencioso y atento que cada a\u00f1o deja una huella a pan tierno, aceite de oliva virgen, az\u00facar, tomate, \u00a1y todo con una sonrisa! [&hellip;]<\/p>\n","protected":false},"author":19333,"featured_media":0,"comment_status":"closed","ping_status":"closed","sticky":false,"template":"","format":"standard","meta":{"_et_pb_use_builder":"","_et_pb_old_content":"","_et_gb_content_width":"","ngg_post_thumbnail":0,"footnotes":""},"categories":[59],"tags":[],"aioseo_notices":[],"_links":{"self":[{"href":"https:\/\/blogsaverroes.juntadeandalucia.es\/iesjuliorodriguez\/wp-json\/wp\/v2\/posts\/7485"}],"collection":[{"href":"https:\/\/blogsaverroes.juntadeandalucia.es\/iesjuliorodriguez\/wp-json\/wp\/v2\/posts"}],"about":[{"href":"https:\/\/blogsaverroes.juntadeandalucia.es\/iesjuliorodriguez\/wp-json\/wp\/v2\/types\/post"}],"author":[{"embeddable":true,"href":"https:\/\/blogsaverroes.juntadeandalucia.es\/iesjuliorodriguez\/wp-json\/wp\/v2\/users\/19333"}],"replies":[{"embeddable":true,"href":"https:\/\/blogsaverroes.juntadeandalucia.es\/iesjuliorodriguez\/wp-json\/wp\/v2\/comments?post=7485"}],"version-history":[{"count":0,"href":"https:\/\/blogsaverroes.juntadeandalucia.es\/iesjuliorodriguez\/wp-json\/wp\/v2\/posts\/7485\/revisions"}],"wp:attachment":[{"href":"https:\/\/blogsaverroes.juntadeandalucia.es\/iesjuliorodriguez\/wp-json\/wp\/v2\/media?parent=7485"}],"wp:term":[{"taxonomy":"category","embeddable":true,"href":"https:\/\/blogsaverroes.juntadeandalucia.es\/iesjuliorodriguez\/wp-json\/wp\/v2\/categories?post=7485"},{"taxonomy":"post_tag","embeddable":true,"href":"https:\/\/blogsaverroes.juntadeandalucia.es\/iesjuliorodriguez\/wp-json\/wp\/v2\/tags?post=7485"}],"curies":[{"name":"wp","href":"https:\/\/api.w.org\/{rel}","templated":true}]}}