{"id":7489,"date":"2016-03-17T18:23:15","date_gmt":"2016-03-17T18:23:15","guid":{"rendered":"http:\/\/iesjuliorodriguez.es\/?p=1008"},"modified":"2016-03-17T18:23:15","modified_gmt":"2016-03-17T18:23:15","slug":"los-mitos-griegos","status":"publish","type":"post","link":"https:\/\/blogsaverroes.juntadeandalucia.es\/iesjuliorodriguez\/los-mitos-griegos\/","title":{"rendered":"Los mitos griegos"},"content":{"rendered":"<p>Podemos admirar y aprender de nuestra nueva exposici\u00f3n realizada por la profesora Purificaci\u00f3n Montejo, del Departamento de Lenguas Cl\u00e1sicas, con motivo del gran evento deportivo de esta semana griega.<br \/>\nEncontramos en ella grandes obras con la tem\u00e1tica de los mitos de &#8220;Orfeo y Eur\u00eddice&#8221;, &#8220;Prometeo encadenado&#8221;, &#8220;D\u00e9dalo e \u00cdcaro&#8221; y &#8220;Apolo y Dafne&#8221;. \u00a1Magn\u00edfico!<\/p>\n<p><a href=\"https:\/\/blogsaverroes.juntadeandalucia.es\/iesjuliorodriguez\/files\/2016\/03\/IMG_8845.jpg\"><img loading=\"lazy\" decoding=\"async\" class=\"alignnone size-large wp-image-1007\" src=\"http:\/\/iesjuliorodriguez.es\/wordpress\/wp-content\/uploads\/2016\/03\/IMG_8845-1024x765.jpg\" alt=\"IMG_8845\" width=\"620\" height=\"463\" \/><\/a><\/p>\n<p><a href=\"https:\/\/blogsaverroes.juntadeandalucia.es\/iesjuliorodriguez\/files\/2016\/03\/IMG_8844.jpg\"><img loading=\"lazy\" decoding=\"async\" class=\"alignnone size-large wp-image-1006\" src=\"http:\/\/iesjuliorodriguez.es\/wordpress\/wp-content\/uploads\/2016\/03\/IMG_8844-1024x765.jpg\" alt=\"IMG_8844\" width=\"620\" height=\"463\" \/><\/a><\/p>\n","protected":false},"excerpt":{"rendered":"<p>Podemos admirar y aprender de nuestra nueva exposici\u00f3n realizada por la profesora Purificaci\u00f3n Montejo, del Departamento de Lenguas Cl\u00e1sicas, con motivo del gran evento deportivo de esta semana griega. Encontramos en ella grandes obras con la tem\u00e1tica de los mitos de &#8220;Orfeo y Eur\u00eddice&#8221;, &#8220;Prometeo encadenado&#8221;, &#8220;D\u00e9dalo e \u00cdcaro&#8221; y &#8220;Apolo y Dafne&#8221;. \u00a1Magn\u00edfico!<\/p>\n","protected":false},"author":19333,"featured_media":0,"comment_status":"closed","ping_status":"closed","sticky":false,"template":"","format":"standard","meta":{"_et_pb_use_builder":"","_et_pb_old_content":"","_et_gb_content_width":"","ngg_post_thumbnail":0,"footnotes":""},"categories":[14],"tags":[],"aioseo_notices":[],"_links":{"self":[{"href":"https:\/\/blogsaverroes.juntadeandalucia.es\/iesjuliorodriguez\/wp-json\/wp\/v2\/posts\/7489"}],"collection":[{"href":"https:\/\/blogsaverroes.juntadeandalucia.es\/iesjuliorodriguez\/wp-json\/wp\/v2\/posts"}],"about":[{"href":"https:\/\/blogsaverroes.juntadeandalucia.es\/iesjuliorodriguez\/wp-json\/wp\/v2\/types\/post"}],"author":[{"embeddable":true,"href":"https:\/\/blogsaverroes.juntadeandalucia.es\/iesjuliorodriguez\/wp-json\/wp\/v2\/users\/19333"}],"replies":[{"embeddable":true,"href":"https:\/\/blogsaverroes.juntadeandalucia.es\/iesjuliorodriguez\/wp-json\/wp\/v2\/comments?post=7489"}],"version-history":[{"count":0,"href":"https:\/\/blogsaverroes.juntadeandalucia.es\/iesjuliorodriguez\/wp-json\/wp\/v2\/posts\/7489\/revisions"}],"wp:attachment":[{"href":"https:\/\/blogsaverroes.juntadeandalucia.es\/iesjuliorodriguez\/wp-json\/wp\/v2\/media?parent=7489"}],"wp:term":[{"taxonomy":"category","embeddable":true,"href":"https:\/\/blogsaverroes.juntadeandalucia.es\/iesjuliorodriguez\/wp-json\/wp\/v2\/categories?post=7489"},{"taxonomy":"post_tag","embeddable":true,"href":"https:\/\/blogsaverroes.juntadeandalucia.es\/iesjuliorodriguez\/wp-json\/wp\/v2\/tags?post=7489"}],"curies":[{"name":"wp","href":"https:\/\/api.w.org\/{rel}","templated":true}]}}