{"id":7569,"date":"2023-03-06T20:13:26","date_gmt":"2023-03-06T19:13:26","guid":{"rendered":"https:\/\/iesjuliorodriguez.es\/?p=5140"},"modified":"2023-03-06T20:13:26","modified_gmt":"2023-03-06T19:13:26","slug":"visita-al-torcal-de-antequera","status":"publish","type":"post","link":"https:\/\/blogsaverroes.juntadeandalucia.es\/iesjuliorodriguez\/visita-al-torcal-de-antequera\/","title":{"rendered":"Visita al Torcal de Antequera"},"content":{"rendered":"\n<p>Visita al Torcal de Antequera, con los alumnos de 1\u00ba Bachillerato A y B y 4\u00ba ESO-B. Con esta excursi\u00f3n, los alumnos repasaron las caracter\u00edsticas del modelado k\u00e1rstico, conocieron la flora y fauna del entorno y pudieron ver f\u00f3siles de Ammonites y Trilobites.<\/p>\n\n\n\n<figure class=\"wp-block-gallery has-nested-images columns-default is-cropped wp-block-gallery-1 is-layout-flex wp-block-gallery-is-layout-flex\">\n<figure class=\"wp-block-image size-large\"><a href=\"https:\/\/blogsaverroes.juntadeandalucia.es\/iesjuliorodriguez\/files\/2023\/03\/2023-02-16-Visita-al-Torcal-0.jpeg\"><img decoding=\"async\" data-id=\"5142\" src=\"https:\/\/blogsaverroes.juntadeandalucia.es\/iesjuliorodriguez\/files\/2023\/03\/2023-02-16-Visita-al-Torcal-0-1024x460.jpeg\" alt=\"\" class=\"wp-image-5142\" \/><\/a><\/figure>\n\n\n\n<figure class=\"wp-block-image size-large\"><a href=\"https:\/\/blogsaverroes.juntadeandalucia.es\/iesjuliorodriguez\/files\/2023\/03\/2023-02-16-Visita-al-Torcal-1.jpeg\"><img decoding=\"async\" data-id=\"5141\" src=\"https:\/\/blogsaverroes.juntadeandalucia.es\/iesjuliorodriguez\/files\/2023\/03\/2023-02-16-Visita-al-Torcal-1-1024x461.jpeg\" alt=\"\" class=\"wp-image-5141\" \/><\/a><\/figure>\n\n\n\n<figure class=\"wp-block-image size-large\"><a href=\"https:\/\/blogsaverroes.juntadeandalucia.es\/iesjuliorodriguez\/files\/2023\/03\/2023-02-16-Visita-al-Torcal-2.jpeg\"><img decoding=\"async\" data-id=\"5144\" src=\"https:\/\/blogsaverroes.juntadeandalucia.es\/iesjuliorodriguez\/files\/2023\/03\/2023-02-16-Visita-al-Torcal-2-1024x461.jpeg\" alt=\"\" class=\"wp-image-5144\" \/><\/a><\/figure>\n\n\n\n<figure class=\"wp-block-image size-large\"><a href=\"https:\/\/blogsaverroes.juntadeandalucia.es\/iesjuliorodriguez\/files\/2023\/03\/2023-02-16-Visita-al-Torcal-3.jpeg\"><img decoding=\"async\" data-id=\"5143\" src=\"https:\/\/blogsaverroes.juntadeandalucia.es\/iesjuliorodriguez\/files\/2023\/03\/2023-02-16-Visita-al-Torcal-3-1024x461.jpeg\" alt=\"\" class=\"wp-image-5143\" \/><\/a><\/figure>\n\n\n\n<figure class=\"wp-block-image size-large\"><a href=\"https:\/\/blogsaverroes.juntadeandalucia.es\/iesjuliorodriguez\/files\/2023\/03\/2023-02-16-Visita-al-Torcal-4.jpeg\"><img decoding=\"async\" data-id=\"5145\" src=\"https:\/\/blogsaverroes.juntadeandalucia.es\/iesjuliorodriguez\/files\/2023\/03\/2023-02-16-Visita-al-Torcal-4-1024x768.jpeg\" alt=\"\" class=\"wp-image-5145\" \/><\/a><\/figure>\n\n\n\n<figure class=\"wp-block-image size-large\"><a href=\"https:\/\/blogsaverroes.juntadeandalucia.es\/iesjuliorodriguez\/files\/2023\/03\/2023-02-16-Visita-al-Torcal-5.jpeg\"><img decoding=\"async\" data-id=\"5146\" src=\"https:\/\/blogsaverroes.juntadeandalucia.es\/iesjuliorodriguez\/files\/2023\/03\/2023-02-16-Visita-al-Torcal-5-768x1024.jpeg\" alt=\"\" class=\"wp-image-5146\" \/><\/a><\/figure>\n\n\n\n<figure class=\"wp-block-image size-large\"><a href=\"https:\/\/blogsaverroes.juntadeandalucia.es\/iesjuliorodriguez\/files\/2023\/03\/2023-02-16-Visita-al-Torcal-6.jpeg\"><img decoding=\"async\" data-id=\"5147\" src=\"https:\/\/blogsaverroes.juntadeandalucia.es\/iesjuliorodriguez\/files\/2023\/03\/2023-02-16-Visita-al-Torcal-6-1024x536.jpeg\" alt=\"\" class=\"wp-image-5147\" \/><\/a><\/figure>\n<\/figure>\n","protected":false},"excerpt":{"rendered":"<p>Visita al Torcal de Antequera, con los alumnos de 1\u00ba Bachillerato A y B y 4\u00ba ESO-B. Con esta excursi\u00f3n, los alumnos repasaron las caracter\u00edsticas del modelado k\u00e1rstico, conocieron la flora y fauna del entorno y pudieron ver f\u00f3siles de Ammonites y Trilobites.<\/p>\n","protected":false},"author":19333,"featured_media":5150,"comment_status":"closed","ping_status":"closed","sticky":false,"template":"","format":"standard","meta":{"_et_pb_use_builder":"","_et_pb_old_content":"","_et_gb_content_width":"","ngg_post_thumbnail":0,"footnotes":""},"categories":[10,26,29],"tags":[],"aioseo_notices":[],"_links":{"self":[{"href":"https:\/\/blogsaverroes.juntadeandalucia.es\/iesjuliorodriguez\/wp-json\/wp\/v2\/posts\/7569"}],"collection":[{"href":"https:\/\/blogsaverroes.juntadeandalucia.es\/iesjuliorodriguez\/wp-json\/wp\/v2\/posts"}],"about":[{"href":"https:\/\/blogsaverroes.juntadeandalucia.es\/iesjuliorodriguez\/wp-json\/wp\/v2\/types\/post"}],"author":[{"embeddable":true,"href":"https:\/\/blogsaverroes.juntadeandalucia.es\/iesjuliorodriguez\/wp-json\/wp\/v2\/users\/19333"}],"replies":[{"embeddable":true,"href":"https:\/\/blogsaverroes.juntadeandalucia.es\/iesjuliorodriguez\/wp-json\/wp\/v2\/comments?post=7569"}],"version-history":[{"count":0,"href":"https:\/\/blogsaverroes.juntadeandalucia.es\/iesjuliorodriguez\/wp-json\/wp\/v2\/posts\/7569\/revisions"}],"wp:featuredmedia":[{"embeddable":true,"href":"https:\/\/blogsaverroes.juntadeandalucia.es\/iesjuliorodriguez\/wp-json\/wp\/v2\/media\/5150"}],"wp:attachment":[{"href":"https:\/\/blogsaverroes.juntadeandalucia.es\/iesjuliorodriguez\/wp-json\/wp\/v2\/media?parent=7569"}],"wp:term":[{"taxonomy":"category","embeddable":true,"href":"https:\/\/blogsaverroes.juntadeandalucia.es\/iesjuliorodriguez\/wp-json\/wp\/v2\/categories?post=7569"},{"taxonomy":"post_tag","embeddable":true,"href":"https:\/\/blogsaverroes.juntadeandalucia.es\/iesjuliorodriguez\/wp-json\/wp\/v2\/tags?post=7569"}],"curies":[{"name":"wp","href":"https:\/\/api.w.org\/{rel}","templated":true}]}}