{"id":7613,"date":"2024-01-05T19:54:35","date_gmt":"2024-01-05T18:54:35","guid":{"rendered":"https:\/\/iesjuliorodriguez.es\/?p=7042"},"modified":"2024-01-05T19:54:35","modified_gmt":"2024-01-05T18:54:35","slug":"apadrinamiento-lector-2","status":"publish","type":"post","link":"https:\/\/blogsaverroes.juntadeandalucia.es\/iesjuliorodriguez\/apadrinamiento-lector-2\/","title":{"rendered":"Apadrinamiento lector"},"content":{"rendered":"\n<p>El pasado 18 de diciembre,con motivo de la celebraci\u00f3n del d\u00eda de Andaluc\u00eda,un grupo de alumnos y alumnas particip\u00f3 en la actividad &#8220;Apadrinamiento lector&#8221;.<br>Visitamos el CEIP Pr\u00edncipe Felipe y los alumnos y alumnas de 2 de ESO leyeron sus lecturas favoritas a alumnos del colegio de tercero y cuarto de primaria.<\/p>\n\n\n\n<figure class=\"wp-block-gallery has-nested-images columns-default is-cropped wp-block-gallery-1 is-layout-flex wp-block-gallery-is-layout-flex\">\n<figure class=\"wp-block-image size-large\"><a href=\"https:\/\/blogsaverroes.juntadeandalucia.es\/iesjuliorodriguez\/files\/2024\/01\/WhatsApp-Image-2023-12-21-at-11.15.29-4.jpeg\"><img decoding=\"async\" data-id=\"7043\" src=\"https:\/\/blogsaverroes.juntadeandalucia.es\/iesjuliorodriguez\/files\/2024\/01\/WhatsApp-Image-2023-12-21-at-11.15.29-4-1024x768.jpeg\" alt=\"\" class=\"wp-image-7043\" \/><\/a><\/figure>\n\n\n\n<figure class=\"wp-block-image size-large\"><a href=\"https:\/\/blogsaverroes.juntadeandalucia.es\/iesjuliorodriguez\/files\/2024\/01\/WhatsApp-Image-2023-12-21-at-11.15.29-3.jpeg\"><img decoding=\"async\" data-id=\"7044\" src=\"https:\/\/blogsaverroes.juntadeandalucia.es\/iesjuliorodriguez\/files\/2024\/01\/WhatsApp-Image-2023-12-21-at-11.15.29-3-1024x768.jpeg\" alt=\"\" class=\"wp-image-7044\" \/><\/a><\/figure>\n\n\n\n<figure class=\"wp-block-image size-large\"><a href=\"https:\/\/blogsaverroes.juntadeandalucia.es\/iesjuliorodriguez\/files\/2024\/01\/WhatsApp-Image-2023-12-21-at-11.15.29-2.jpeg\"><img decoding=\"async\" data-id=\"7046\" src=\"https:\/\/blogsaverroes.juntadeandalucia.es\/iesjuliorodriguez\/files\/2024\/01\/WhatsApp-Image-2023-12-21-at-11.15.29-2-1024x768.jpeg\" alt=\"\" class=\"wp-image-7046\" \/><\/a><\/figure>\n\n\n\n<figure class=\"wp-block-image size-large\"><a href=\"https:\/\/blogsaverroes.juntadeandalucia.es\/iesjuliorodriguez\/files\/2024\/01\/WhatsApp-Image-2023-12-21-at-11.15.29-1.jpeg\"><img decoding=\"async\" data-id=\"7048\" src=\"https:\/\/blogsaverroes.juntadeandalucia.es\/iesjuliorodriguez\/files\/2024\/01\/WhatsApp-Image-2023-12-21-at-11.15.29-1-1024x768.jpeg\" alt=\"\" class=\"wp-image-7048\" \/><\/a><\/figure>\n\n\n\n<figure class=\"wp-block-image size-large\"><a href=\"https:\/\/blogsaverroes.juntadeandalucia.es\/iesjuliorodriguez\/files\/2024\/01\/WhatsApp-Image-2023-12-21-at-11.15.29.jpeg\"><img decoding=\"async\" data-id=\"7045\" src=\"https:\/\/blogsaverroes.juntadeandalucia.es\/iesjuliorodriguez\/files\/2024\/01\/WhatsApp-Image-2023-12-21-at-11.15.29-1024x768.jpeg\" alt=\"\" class=\"wp-image-7045\" \/><\/a><\/figure>\n\n\n\n<figure class=\"wp-block-image size-large\"><a href=\"https:\/\/blogsaverroes.juntadeandalucia.es\/iesjuliorodriguez\/files\/2024\/01\/WhatsApp-Image-2023-12-21-at-11.15.28-4.jpeg\"><img decoding=\"async\" data-id=\"7047\" src=\"https:\/\/blogsaverroes.juntadeandalucia.es\/iesjuliorodriguez\/files\/2024\/01\/WhatsApp-Image-2023-12-21-at-11.15.28-4-1024x768.jpeg\" alt=\"\" class=\"wp-image-7047\" \/><\/a><\/figure>\n\n\n\n<figure class=\"wp-block-image size-large\"><a href=\"https:\/\/blogsaverroes.juntadeandalucia.es\/iesjuliorodriguez\/files\/2024\/01\/WhatsApp-Image-2023-12-21-at-11.15.28-3.jpeg\"><img decoding=\"async\" data-id=\"7049\" src=\"https:\/\/blogsaverroes.juntadeandalucia.es\/iesjuliorodriguez\/files\/2024\/01\/WhatsApp-Image-2023-12-21-at-11.15.28-3-1024x768.jpeg\" alt=\"\" class=\"wp-image-7049\" \/><\/a><\/figure>\n\n\n\n<figure class=\"wp-block-image size-large\"><a href=\"https:\/\/blogsaverroes.juntadeandalucia.es\/iesjuliorodriguez\/files\/2024\/01\/WhatsApp-Image-2023-12-21-at-11.15.28-2.jpeg\"><img decoding=\"async\" data-id=\"7050\" src=\"https:\/\/blogsaverroes.juntadeandalucia.es\/iesjuliorodriguez\/files\/2024\/01\/WhatsApp-Image-2023-12-21-at-11.15.28-2-1024x768.jpeg\" alt=\"\" class=\"wp-image-7050\" \/><\/a><\/figure>\n\n\n\n<figure class=\"wp-block-image size-large\"><a href=\"https:\/\/blogsaverroes.juntadeandalucia.es\/iesjuliorodriguez\/files\/2024\/01\/WhatsApp-Image-2023-12-21-at-11.15.28-1.jpeg\"><img decoding=\"async\" data-id=\"7053\" src=\"https:\/\/blogsaverroes.juntadeandalucia.es\/iesjuliorodriguez\/files\/2024\/01\/WhatsApp-Image-2023-12-21-at-11.15.28-1-1024x768.jpeg\" alt=\"\" class=\"wp-image-7053\" \/><\/a><\/figure>\n\n\n\n<figure class=\"wp-block-image size-large\"><a href=\"https:\/\/blogsaverroes.juntadeandalucia.es\/iesjuliorodriguez\/files\/2024\/01\/WhatsApp-Image-2023-12-21-at-11.15.28.jpeg\"><img decoding=\"async\" data-id=\"7051\" src=\"https:\/\/blogsaverroes.juntadeandalucia.es\/iesjuliorodriguez\/files\/2024\/01\/WhatsApp-Image-2023-12-21-at-11.15.28-1024x768.jpeg\" alt=\"\" class=\"wp-image-7051\" \/><\/a><\/figure>\n\n\n\n<figure class=\"wp-block-image size-large\"><a href=\"https:\/\/blogsaverroes.juntadeandalucia.es\/iesjuliorodriguez\/files\/2024\/01\/WhatsApp-Image-2023-12-21-at-11.15.25.jpeg\"><img decoding=\"async\" data-id=\"7052\" src=\"https:\/\/blogsaverroes.juntadeandalucia.es\/iesjuliorodriguez\/files\/2024\/01\/WhatsApp-Image-2023-12-21-at-11.15.25-1024x768.jpeg\" alt=\"\" class=\"wp-image-7052\" \/><\/a><\/figure>\n\n\n\n<figure class=\"wp-block-image size-large\"><a href=\"https:\/\/blogsaverroes.juntadeandalucia.es\/iesjuliorodriguez\/files\/2024\/01\/WhatsApp-Image-2023-12-21-at-11.14.32.jpeg\"><img decoding=\"async\" data-id=\"7054\" src=\"https:\/\/blogsaverroes.juntadeandalucia.es\/iesjuliorodriguez\/files\/2024\/01\/WhatsApp-Image-2023-12-21-at-11.14.32-1024x768.jpeg\" alt=\"\" class=\"wp-image-7054\" \/><\/a><\/figure>\n<\/figure>\n","protected":false},"excerpt":{"rendered":"<p>El pasado 18 de diciembre,con motivo de la celebraci\u00f3n del d\u00eda de Andaluc\u00eda,un grupo de alumnos y alumnas particip\u00f3 en la actividad &#8220;Apadrinamiento lector&#8221;.Visitamos el CEIP Pr\u00edncipe Felipe y los alumnos y alumnas de 2 de ESO leyeron sus lecturas favoritas a alumnos del colegio de tercero y cuarto de primaria.<\/p>\n","protected":false},"author":19333,"featured_media":7050,"comment_status":"closed","ping_status":"closed","sticky":false,"template":"","format":"standard","meta":{"_et_pb_use_builder":"off","_et_pb_old_content":"","_et_gb_content_width":"","ngg_post_thumbnail":0,"footnotes":""},"categories":[10,13,27],"tags":[],"aioseo_notices":[],"_links":{"self":[{"href":"https:\/\/blogsaverroes.juntadeandalucia.es\/iesjuliorodriguez\/wp-json\/wp\/v2\/posts\/7613"}],"collection":[{"href":"https:\/\/blogsaverroes.juntadeandalucia.es\/iesjuliorodriguez\/wp-json\/wp\/v2\/posts"}],"about":[{"href":"https:\/\/blogsaverroes.juntadeandalucia.es\/iesjuliorodriguez\/wp-json\/wp\/v2\/types\/post"}],"author":[{"embeddable":true,"href":"https:\/\/blogsaverroes.juntadeandalucia.es\/iesjuliorodriguez\/wp-json\/wp\/v2\/users\/19333"}],"replies":[{"embeddable":true,"href":"https:\/\/blogsaverroes.juntadeandalucia.es\/iesjuliorodriguez\/wp-json\/wp\/v2\/comments?post=7613"}],"version-history":[{"count":0,"href":"https:\/\/blogsaverroes.juntadeandalucia.es\/iesjuliorodriguez\/wp-json\/wp\/v2\/posts\/7613\/revisions"}],"wp:featuredmedia":[{"embeddable":true,"href":"https:\/\/blogsaverroes.juntadeandalucia.es\/iesjuliorodriguez\/wp-json\/wp\/v2\/media\/7050"}],"wp:attachment":[{"href":"https:\/\/blogsaverroes.juntadeandalucia.es\/iesjuliorodriguez\/wp-json\/wp\/v2\/media?parent=7613"}],"wp:term":[{"taxonomy":"category","embeddable":true,"href":"https:\/\/blogsaverroes.juntadeandalucia.es\/iesjuliorodriguez\/wp-json\/wp\/v2\/categories?post=7613"},{"taxonomy":"post_tag","embeddable":true,"href":"https:\/\/blogsaverroes.juntadeandalucia.es\/iesjuliorodriguez\/wp-json\/wp\/v2\/tags?post=7613"}],"curies":[{"name":"wp","href":"https:\/\/api.w.org\/{rel}","templated":true}]}}