{"id":7874,"date":"2024-04-01T21:12:55","date_gmt":"2024-04-01T20:12:55","guid":{"rendered":"https:\/\/blogsaverroes.juntadeandalucia.es\/iesjuliorodriguez\/?p=7874"},"modified":"2024-04-01T21:12:55","modified_gmt":"2024-04-01T20:12:55","slug":"dia-de-la-mujer-8m","status":"publish","type":"post","link":"https:\/\/blogsaverroes.juntadeandalucia.es\/iesjuliorodriguez\/dia-de-la-mujer-8m\/","title":{"rendered":"D\u00eda de la mujer 8M"},"content":{"rendered":"<p>Lectura de manifiesto en favor de la igualdad con motivo de la celebraci\u00f3n del D\u00eda Internacional de la Mujer (8M)<\/p>\n\n\t\t<style type=\"text\/css\">\n\t\t\t#gallery-1 {\n\t\t\t\tmargin: auto;\n\t\t\t}\n\t\t\t#gallery-1 .gallery-item {\n\t\t\t\tfloat: left;\n\t\t\t\tmargin-top: 10px;\n\t\t\t\ttext-align: center;\n\t\t\t\twidth: 50%;\n\t\t\t}\n\t\t\t#gallery-1 img {\n\t\t\t\tborder: 2px solid #cfcfcf;\n\t\t\t}\n\t\t\t#gallery-1 .gallery-caption {\n\t\t\t\tmargin-left: 0;\n\t\t\t}\n\t\t\t\/* see gallery_shortcode() in wp-includes\/media.php *\/\n\t\t<\/style>\n\t\t<div id='gallery-1' class='gallery galleryid-7874 gallery-columns-2 gallery-size-large'><dl class='gallery-item'>\n\t\t\t<dt class='gallery-icon landscape'>\n\t\t\t\t<a href='https:\/\/blogsaverroes.juntadeandalucia.es\/iesjuliorodriguez\/dia-de-la-mujer-8m\/whatsapp-image-2024-03-08-at-11-32-30\/'><img loading=\"lazy\" decoding=\"async\" width=\"1024\" height=\"768\" src=\"https:\/\/blogsaverroes.juntadeandalucia.es\/iesjuliorodriguez\/files\/2024\/04\/WhatsApp-Image-2024-03-08-at-11.32.30-1024x768.jpeg\" class=\"attachment-large size-large\" alt=\"\" srcset=\"https:\/\/blogsaverroes.juntadeandalucia.es\/iesjuliorodriguez\/files\/2024\/04\/WhatsApp-Image-2024-03-08-at-11.32.30-980x735.jpeg 980w, https:\/\/blogsaverroes.juntadeandalucia.es\/iesjuliorodriguez\/files\/2024\/04\/WhatsApp-Image-2024-03-08-at-11.32.30-480x360.jpeg 480w\" sizes=\"(min-width: 0px) and (max-width: 480px) 480px, (min-width: 481px) and (max-width: 980px) 980px, (min-width: 981px) 1024px, 100vw\" \/><\/a>\n\t\t\t<\/dt><\/dl><dl class='gallery-item'>\n\t\t\t<dt class='gallery-icon landscape'>\n\t\t\t\t<a href='https:\/\/blogsaverroes.juntadeandalucia.es\/iesjuliorodriguez\/dia-de-la-mujer-8m\/whatsapp-image-2024-03-08-at-11-32-30-5\/'><img loading=\"lazy\" decoding=\"async\" width=\"1024\" height=\"768\" src=\"https:\/\/blogsaverroes.juntadeandalucia.es\/iesjuliorodriguez\/files\/2024\/04\/WhatsApp-Image-2024-03-08-at-11.32.30-5-1024x768.jpeg\" class=\"attachment-large size-large\" alt=\"\" srcset=\"https:\/\/blogsaverroes.juntadeandalucia.es\/iesjuliorodriguez\/files\/2024\/04\/WhatsApp-Image-2024-03-08-at-11.32.30-5-980x735.jpeg 980w, https:\/\/blogsaverroes.juntadeandalucia.es\/iesjuliorodriguez\/files\/2024\/04\/WhatsApp-Image-2024-03-08-at-11.32.30-5-480x360.jpeg 480w\" sizes=\"(min-width: 0px) and (max-width: 480px) 480px, (min-width: 481px) and (max-width: 980px) 980px, (min-width: 981px) 1024px, 100vw\" \/><\/a>\n\t\t\t<\/dt><\/dl><br style=\"clear: both\" \/>\n\t\t<\/div>\n\n","protected":false},"excerpt":{"rendered":"<p>Lectura de manifiesto en favor de la igualdad con motivo de la celebraci\u00f3n del D\u00eda Internacional de la Mujer (8M)<\/p>\n","protected":false},"author":19333,"featured_media":7875,"comment_status":"closed","ping_status":"open","sticky":false,"template":"","format":"standard","meta":{"_et_pb_use_builder":"","_et_pb_old_content":"","_et_gb_content_width":"","ngg_post_thumbnail":0,"footnotes":""},"categories":[10,27,49],"tags":[],"aioseo_notices":[],"_links":{"self":[{"href":"https:\/\/blogsaverroes.juntadeandalucia.es\/iesjuliorodriguez\/wp-json\/wp\/v2\/posts\/7874"}],"collection":[{"href":"https:\/\/blogsaverroes.juntadeandalucia.es\/iesjuliorodriguez\/wp-json\/wp\/v2\/posts"}],"about":[{"href":"https:\/\/blogsaverroes.juntadeandalucia.es\/iesjuliorodriguez\/wp-json\/wp\/v2\/types\/post"}],"author":[{"embeddable":true,"href":"https:\/\/blogsaverroes.juntadeandalucia.es\/iesjuliorodriguez\/wp-json\/wp\/v2\/users\/19333"}],"replies":[{"embeddable":true,"href":"https:\/\/blogsaverroes.juntadeandalucia.es\/iesjuliorodriguez\/wp-json\/wp\/v2\/comments?post=7874"}],"version-history":[{"count":1,"href":"https:\/\/blogsaverroes.juntadeandalucia.es\/iesjuliorodriguez\/wp-json\/wp\/v2\/posts\/7874\/revisions"}],"predecessor-version":[{"id":7877,"href":"https:\/\/blogsaverroes.juntadeandalucia.es\/iesjuliorodriguez\/wp-json\/wp\/v2\/posts\/7874\/revisions\/7877"}],"wp:featuredmedia":[{"embeddable":true,"href":"https:\/\/blogsaverroes.juntadeandalucia.es\/iesjuliorodriguez\/wp-json\/wp\/v2\/media\/7875"}],"wp:attachment":[{"href":"https:\/\/blogsaverroes.juntadeandalucia.es\/iesjuliorodriguez\/wp-json\/wp\/v2\/media?parent=7874"}],"wp:term":[{"taxonomy":"category","embeddable":true,"href":"https:\/\/blogsaverroes.juntadeandalucia.es\/iesjuliorodriguez\/wp-json\/wp\/v2\/categories?post=7874"},{"taxonomy":"post_tag","embeddable":true,"href":"https:\/\/blogsaverroes.juntadeandalucia.es\/iesjuliorodriguez\/wp-json\/wp\/v2\/tags?post=7874"}],"curies":[{"name":"wp","href":"https:\/\/api.w.org\/{rel}","templated":true}]}}