{"id":7951,"date":"2024-04-02T19:47:00","date_gmt":"2024-04-02T18:47:00","guid":{"rendered":"https:\/\/blogsaverroes.juntadeandalucia.es\/iesjuliorodriguez\/?p=7951"},"modified":"2024-04-02T19:53:10","modified_gmt":"2024-04-02T18:53:10","slug":"irish-week-2","status":"publish","type":"post","link":"https:\/\/blogsaverroes.juntadeandalucia.es\/iesjuliorodriguez\/irish-week-2\/","title":{"rendered":"Irish Week"},"content":{"rendered":"<p>Del 18 al 22 de marzo tendr\u00e1 lugar nuestra habitual Irish Week con diferentes actividades: m\u00fasica irlandensa y v\u00eddeos sobre Irlanda todos los recreos en el Patio de los Naranjos, foto de grupo vestidos de verde el lunes. taller de tatuajes el martes y el mi\u00e9rcoles, cine irland\u00e9s el jueves y el viernes en el sal\u00f3n de actos.<\/p>\n<p><img loading=\"lazy\" decoding=\"async\" class=\"alignnone size-medium wp-image-7952\" src=\"https:\/\/blogsaverroes.juntadeandalucia.es\/iesjuliorodriguez\/files\/2024\/04\/Irish-Week-300x206.jpg\" alt=\"\" width=\"300\" height=\"206\"><\/p>\n","protected":false},"excerpt":{"rendered":"<p>Del 18 al 22 de marzo tendr\u00e1 lugar nuestra habitual Irish Week con diferentes actividades: m\u00fasica irlandensa y v\u00eddeos sobre Irlanda todos los recreos en el Patio de los Naranjos, foto de grupo vestidos de verde el lunes. taller de tatuajes el martes y el mi\u00e9rcoles, cine irland\u00e9s el jueves y el viernes en el [&hellip;]<\/p>\n","protected":false},"author":19333,"featured_media":7952,"comment_status":"closed","ping_status":"open","sticky":false,"template":"","format":"standard","meta":{"_et_pb_use_builder":"","_et_pb_old_content":"","_et_gb_content_width":"","ngg_post_thumbnail":0,"footnotes":""},"categories":[14,27,36,47],"tags":[],"aioseo_notices":[],"_links":{"self":[{"href":"https:\/\/blogsaverroes.juntadeandalucia.es\/iesjuliorodriguez\/wp-json\/wp\/v2\/posts\/7951"}],"collection":[{"href":"https:\/\/blogsaverroes.juntadeandalucia.es\/iesjuliorodriguez\/wp-json\/wp\/v2\/posts"}],"about":[{"href":"https:\/\/blogsaverroes.juntadeandalucia.es\/iesjuliorodriguez\/wp-json\/wp\/v2\/types\/post"}],"author":[{"embeddable":true,"href":"https:\/\/blogsaverroes.juntadeandalucia.es\/iesjuliorodriguez\/wp-json\/wp\/v2\/users\/19333"}],"replies":[{"embeddable":true,"href":"https:\/\/blogsaverroes.juntadeandalucia.es\/iesjuliorodriguez\/wp-json\/wp\/v2\/comments?post=7951"}],"version-history":[{"count":1,"href":"https:\/\/blogsaverroes.juntadeandalucia.es\/iesjuliorodriguez\/wp-json\/wp\/v2\/posts\/7951\/revisions"}],"predecessor-version":[{"id":7953,"href":"https:\/\/blogsaverroes.juntadeandalucia.es\/iesjuliorodriguez\/wp-json\/wp\/v2\/posts\/7951\/revisions\/7953"}],"wp:featuredmedia":[{"embeddable":true,"href":"https:\/\/blogsaverroes.juntadeandalucia.es\/iesjuliorodriguez\/wp-json\/wp\/v2\/media\/7952"}],"wp:attachment":[{"href":"https:\/\/blogsaverroes.juntadeandalucia.es\/iesjuliorodriguez\/wp-json\/wp\/v2\/media?parent=7951"}],"wp:term":[{"taxonomy":"category","embeddable":true,"href":"https:\/\/blogsaverroes.juntadeandalucia.es\/iesjuliorodriguez\/wp-json\/wp\/v2\/categories?post=7951"},{"taxonomy":"post_tag","embeddable":true,"href":"https:\/\/blogsaverroes.juntadeandalucia.es\/iesjuliorodriguez\/wp-json\/wp\/v2\/tags?post=7951"}],"curies":[{"name":"wp","href":"https:\/\/api.w.org\/{rel}","templated":true}]}}