{"id":8715,"date":"2024-09-13T18:40:46","date_gmt":"2024-09-13T17:40:46","guid":{"rendered":"https:\/\/blogsaverroes.juntadeandalucia.es\/iesjuliorodriguez\/?p=8715"},"modified":"2024-09-13T18:40:46","modified_gmt":"2024-09-13T17:40:46","slug":"inicio-de-curso-2","status":"publish","type":"post","link":"https:\/\/blogsaverroes.juntadeandalucia.es\/iesjuliorodriguez\/inicio-de-curso-2\/","title":{"rendered":"Inicio de curso"},"content":{"rendered":"<p>Informaci\u00f3n general del inicio de curso:<br \/>\nA- Horario escalonado de presentaci\u00f3n del d\u00eda 16 de septiembre, lunes:<br \/>\n&#8211; 11,45 horas: presentaci\u00f3n en sus clases de los cursos 1\u00ba, 2\u00ba y 3\u00ba de ESO y 1\u00ba de FPB de Peluquer\u00eda y Est\u00e9tica.<br \/>\n&#8211; 12,45 horas: presentaci\u00f3n en sus clases de los cursos 4\u00ba de ESO, 1\u00ba y 2\u00ba de Bachillerato.<br \/>\nB- Horario 17 de septiembre, martes: A partir de este d\u00eda ya habr\u00e1 horario normal de clases, de 8,15 horas hasta 14,45 horas, con recreo de 11,15 a 11,45 horas.<br \/>\nC- Libros de texto: Este curso 2024-25 habr\u00e1 cheques libro para los alumnos\/as de 1\u00ba, 2\u00ba y 3\u00ba de ESO (el cheque-libro est\u00e1 ya a su disposici\u00f3n en el &#8220;punto de recogida&#8221; de IPasen). A los alumnos\/as de 4\u00ba de ESO se les prestar\u00e1 los libros en el centro (no hay cheque-libro). En Bachillerato los libros son recomendaci\u00f3n del profesor\/a y habr\u00e1 que esperar a que los profesores\/as se presenten y tengan la primera clase con sus alumnos\/as (en Bachillerato no hay cheque libro ya que no es ense\u00f1anza obligatoria).<br \/>\nD- Listas de clase: Quedar\u00e1n expuestas en el tabl\u00f3n de anuncios a partir del pr\u00f3ximo viernes 13 de septiembre. Es de comprender que estos d\u00edas de septiembre han venido y se han ido algunos alumnos\/as y las listas han sufrido cambios. Esta es la raz\u00f3n por la que no est\u00e1n expuestas todav\u00eda.<\/p>\n<p>&nbsp;<\/p>\n","protected":false},"excerpt":{"rendered":"<p>Informaci\u00f3n general del inicio de curso: A- Horario escalonado de presentaci\u00f3n del d\u00eda 16 de septiembre, lunes: &#8211; 11,45 horas: presentaci\u00f3n en sus clases de los cursos 1\u00ba, 2\u00ba y 3\u00ba de ESO y 1\u00ba de FPB de Peluquer\u00eda y Est\u00e9tica. &#8211; 12,45 horas: presentaci\u00f3n en sus clases de los cursos 4\u00ba de ESO, 1\u00ba [&hellip;]<\/p>\n","protected":false},"author":19333,"featured_media":8716,"comment_status":"closed","ping_status":"open","sticky":false,"template":"","format":"standard","meta":{"_et_pb_use_builder":"","_et_pb_old_content":"","_et_gb_content_width":"","ngg_post_thumbnail":0,"footnotes":""},"categories":[69,45,47],"tags":[],"aioseo_notices":[],"_links":{"self":[{"href":"https:\/\/blogsaverroes.juntadeandalucia.es\/iesjuliorodriguez\/wp-json\/wp\/v2\/posts\/8715"}],"collection":[{"href":"https:\/\/blogsaverroes.juntadeandalucia.es\/iesjuliorodriguez\/wp-json\/wp\/v2\/posts"}],"about":[{"href":"https:\/\/blogsaverroes.juntadeandalucia.es\/iesjuliorodriguez\/wp-json\/wp\/v2\/types\/post"}],"author":[{"embeddable":true,"href":"https:\/\/blogsaverroes.juntadeandalucia.es\/iesjuliorodriguez\/wp-json\/wp\/v2\/users\/19333"}],"replies":[{"embeddable":true,"href":"https:\/\/blogsaverroes.juntadeandalucia.es\/iesjuliorodriguez\/wp-json\/wp\/v2\/comments?post=8715"}],"version-history":[{"count":1,"href":"https:\/\/blogsaverroes.juntadeandalucia.es\/iesjuliorodriguez\/wp-json\/wp\/v2\/posts\/8715\/revisions"}],"predecessor-version":[{"id":8717,"href":"https:\/\/blogsaverroes.juntadeandalucia.es\/iesjuliorodriguez\/wp-json\/wp\/v2\/posts\/8715\/revisions\/8717"}],"wp:featuredmedia":[{"embeddable":true,"href":"https:\/\/blogsaverroes.juntadeandalucia.es\/iesjuliorodriguez\/wp-json\/wp\/v2\/media\/8716"}],"wp:attachment":[{"href":"https:\/\/blogsaverroes.juntadeandalucia.es\/iesjuliorodriguez\/wp-json\/wp\/v2\/media?parent=8715"}],"wp:term":[{"taxonomy":"category","embeddable":true,"href":"https:\/\/blogsaverroes.juntadeandalucia.es\/iesjuliorodriguez\/wp-json\/wp\/v2\/categories?post=8715"},{"taxonomy":"post_tag","embeddable":true,"href":"https:\/\/blogsaverroes.juntadeandalucia.es\/iesjuliorodriguez\/wp-json\/wp\/v2\/tags?post=8715"}],"curies":[{"name":"wp","href":"https:\/\/api.w.org\/{rel}","templated":true}]}}