{"id":9086,"date":"2025-02-07T19:01:20","date_gmt":"2025-02-07T18:01:20","guid":{"rendered":"https:\/\/blogsaverroes.juntadeandalucia.es\/iesjuliorodriguez\/?p=9086"},"modified":"2025-02-07T19:01:20","modified_gmt":"2025-02-07T18:01:20","slug":"poemas-de-amor-dia-de-san-valentin","status":"publish","type":"post","link":"https:\/\/blogsaverroes.juntadeandalucia.es\/iesjuliorodriguez\/poemas-de-amor-dia-de-san-valentin\/","title":{"rendered":"Poemas de amor D\u00eda de San Valent\u00edn"},"content":{"rendered":"<p>Hola a todos, desde la biblioteca os invitamos a celebrar el D\u00eda de San Valent\u00edn compartiendo vuestros poemas de amor favoritos en un padlet. S\u00f3lo ten\u00e9is que elegir vuestro poema (o compartir uno de vuestra creaci\u00f3n), pinchar en el siguiente enlace y subirlo a nuestro padlet.<\/p>\n<p><a href=\"https:\/\/padlet.com\/srodpin722\/poemas-de-amor-le6x93odwpit04sz\">https:\/\/padlet.com\/srodpin722\/poemas-de-amor-le6x93odwpit04sz<\/a><\/p>\n<p>\u00a1Gracias por participar!<img loading=\"lazy\" decoding=\"async\" class=\"aligncenter wp-image-9087 size-full\" src=\"https:\/\/blogsaverroes.juntadeandalucia.es\/iesjuliorodriguez\/files\/2025\/02\/180220221756281w.jpg\" alt=\"\" width=\"640\" height=\"339\" srcset=\"https:\/\/blogsaverroes.juntadeandalucia.es\/iesjuliorodriguez\/files\/2025\/02\/180220221756281w.jpg 640w, https:\/\/blogsaverroes.juntadeandalucia.es\/iesjuliorodriguez\/files\/2025\/02\/180220221756281w-480x254.jpg 480w\" sizes=\"(min-width: 0px) and (max-width: 480px) 480px, (min-width: 481px) 640px, 100vw\" \/><\/p>\n","protected":false},"excerpt":{"rendered":"<p>Hola a todos, desde la biblioteca os invitamos a celebrar el D\u00eda de San Valent\u00edn compartiendo vuestros poemas de amor favoritos en un padlet. S\u00f3lo ten\u00e9is que elegir vuestro poema (o compartir uno de vuestra creaci\u00f3n), pinchar en el siguiente enlace y subirlo a nuestro padlet. https:\/\/padlet.com\/srodpin722\/poemas-de-amor-le6x93odwpit04sz \u00a1Gracias por participar!<\/p>\n","protected":false},"author":19333,"featured_media":9087,"comment_status":"closed","ping_status":"open","sticky":false,"template":"","format":"standard","meta":{"_et_pb_use_builder":"","_et_pb_old_content":"","_et_gb_content_width":"","ngg_post_thumbnail":0,"footnotes":""},"categories":[13,69,47],"tags":[],"aioseo_notices":[],"_links":{"self":[{"href":"https:\/\/blogsaverroes.juntadeandalucia.es\/iesjuliorodriguez\/wp-json\/wp\/v2\/posts\/9086"}],"collection":[{"href":"https:\/\/blogsaverroes.juntadeandalucia.es\/iesjuliorodriguez\/wp-json\/wp\/v2\/posts"}],"about":[{"href":"https:\/\/blogsaverroes.juntadeandalucia.es\/iesjuliorodriguez\/wp-json\/wp\/v2\/types\/post"}],"author":[{"embeddable":true,"href":"https:\/\/blogsaverroes.juntadeandalucia.es\/iesjuliorodriguez\/wp-json\/wp\/v2\/users\/19333"}],"replies":[{"embeddable":true,"href":"https:\/\/blogsaverroes.juntadeandalucia.es\/iesjuliorodriguez\/wp-json\/wp\/v2\/comments?post=9086"}],"version-history":[{"count":1,"href":"https:\/\/blogsaverroes.juntadeandalucia.es\/iesjuliorodriguez\/wp-json\/wp\/v2\/posts\/9086\/revisions"}],"predecessor-version":[{"id":9088,"href":"https:\/\/blogsaverroes.juntadeandalucia.es\/iesjuliorodriguez\/wp-json\/wp\/v2\/posts\/9086\/revisions\/9088"}],"wp:featuredmedia":[{"embeddable":true,"href":"https:\/\/blogsaverroes.juntadeandalucia.es\/iesjuliorodriguez\/wp-json\/wp\/v2\/media\/9087"}],"wp:attachment":[{"href":"https:\/\/blogsaverroes.juntadeandalucia.es\/iesjuliorodriguez\/wp-json\/wp\/v2\/media?parent=9086"}],"wp:term":[{"taxonomy":"category","embeddable":true,"href":"https:\/\/blogsaverroes.juntadeandalucia.es\/iesjuliorodriguez\/wp-json\/wp\/v2\/categories?post=9086"},{"taxonomy":"post_tag","embeddable":true,"href":"https:\/\/blogsaverroes.juntadeandalucia.es\/iesjuliorodriguez\/wp-json\/wp\/v2\/tags?post=9086"}],"curies":[{"name":"wp","href":"https:\/\/api.w.org\/{rel}","templated":true}]}}