{"id":3051,"date":"2018-05-11T11:21:06","date_gmt":"2018-05-11T11:21:06","guid":{"rendered":"http:\/\/blogsaverroes.juntadeandalucia.es\/ieslaalgaida\/?p=3051"},"modified":"2018-05-11T11:21:06","modified_gmt":"2018-05-11T11:21:06","slug":"jornadas-culturales","status":"publish","type":"post","link":"https:\/\/blogsaverroes.juntadeandalucia.es\/ieslaalgaida\/jornadas-culturales\/","title":{"rendered":"Jornadas Culturales"},"content":{"rendered":"<p><em>Los pasados 3 y 4 &nbsp;de mayo celebramos las Jornadas Culturales en las que se celebraron numerosos talleres de actividades variadas y nuestros alumnos nos re<\/em><em>galaron a todos t todas actuaciones de canto, baile y dem\u00e1s. Muchas de ellas est\u00e1n colgadas en nuestra p\u00e1gina de Facebook.<\/em><\/p>\n<p>Con esta imagen referente a la tem\u00e1tica de las Jornadas, ofrecemos una muestra de las muchas actividades que se llevaron a cabo desde la convivencia de toda nuestra comunidad educativa.<\/p>\n<p><a href=\"https:\/\/blogsaverroes.juntadeandalucia.es\/ieslaalgaida\/files\/2018\/05\/IMG_8145.jpg\"><img loading=\"lazy\" decoding=\"async\" class=\"alignnone size-medium wp-image-3052\" src=\"https:\/\/blogsaverroes.juntadeandalucia.es\/ieslaalgaida\/files\/2018\/05\/IMG_8145-300x178.jpg\" alt=\"\" width=\"300\" height=\"178\" srcset=\"https:\/\/blogsaverroes.juntadeandalucia.es\/ieslaalgaida\/files\/2018\/05\/IMG_8145-300x178.jpg 300w, https:\/\/blogsaverroes.juntadeandalucia.es\/ieslaalgaida\/files\/2018\/05\/IMG_8145-24x14.jpg 24w, https:\/\/blogsaverroes.juntadeandalucia.es\/ieslaalgaida\/files\/2018\/05\/IMG_8145-36x21.jpg 36w, https:\/\/blogsaverroes.juntadeandalucia.es\/ieslaalgaida\/files\/2018\/05\/IMG_8145-48x28.jpg 48w, https:\/\/blogsaverroes.juntadeandalucia.es\/ieslaalgaida\/files\/2018\/05\/IMG_8145.jpg 640w\" sizes=\"(max-width: 300px) 100vw, 300px\" \/><\/a><\/p>\n","protected":false},"excerpt":{"rendered":"<p>Los pasados 3 y 4 &nbsp;de mayo celebramos las Jornadas Culturales en las que se celebraron numerosos talleres de actividades variadas y nuestros alumnos nos regalaron a todos t todas actuaciones de canto, baile y dem\u00e1s. Muchas de ellas est\u00e1n colgadas en nuestra p\u00e1gina de Facebook. Con esta imagen referente a la tem\u00e1tica de las &hellip; <\/p>\n<p class=\"link-more\"><a href=\"https:\/\/blogsaverroes.juntadeandalucia.es\/ieslaalgaida\/jornadas-culturales\/\" class=\"more-link\">Continuar leyendo<span class=\"screen-reader-text\"> \u00abJornadas Culturales\u00bb<\/span><\/a><\/p>\n","protected":false},"author":4336,"featured_media":0,"comment_status":"open","ping_status":"open","sticky":false,"template":"","format":"standard","meta":{"ngg_post_thumbnail":0,"footnotes":""},"categories":[11909],"tags":[],"aioseo_notices":[],"_links":{"self":[{"href":"https:\/\/blogsaverroes.juntadeandalucia.es\/ieslaalgaida\/wp-json\/wp\/v2\/posts\/3051"}],"collection":[{"href":"https:\/\/blogsaverroes.juntadeandalucia.es\/ieslaalgaida\/wp-json\/wp\/v2\/posts"}],"about":[{"href":"https:\/\/blogsaverroes.juntadeandalucia.es\/ieslaalgaida\/wp-json\/wp\/v2\/types\/post"}],"author":[{"embeddable":true,"href":"https:\/\/blogsaverroes.juntadeandalucia.es\/ieslaalgaida\/wp-json\/wp\/v2\/users\/4336"}],"replies":[{"embeddable":true,"href":"https:\/\/blogsaverroes.juntadeandalucia.es\/ieslaalgaida\/wp-json\/wp\/v2\/comments?post=3051"}],"version-history":[{"count":1,"href":"https:\/\/blogsaverroes.juntadeandalucia.es\/ieslaalgaida\/wp-json\/wp\/v2\/posts\/3051\/revisions"}],"predecessor-version":[{"id":3053,"href":"https:\/\/blogsaverroes.juntadeandalucia.es\/ieslaalgaida\/wp-json\/wp\/v2\/posts\/3051\/revisions\/3053"}],"wp:attachment":[{"href":"https:\/\/blogsaverroes.juntadeandalucia.es\/ieslaalgaida\/wp-json\/wp\/v2\/media?parent=3051"}],"wp:term":[{"taxonomy":"category","embeddable":true,"href":"https:\/\/blogsaverroes.juntadeandalucia.es\/ieslaalgaida\/wp-json\/wp\/v2\/categories?post=3051"},{"taxonomy":"post_tag","embeddable":true,"href":"https:\/\/blogsaverroes.juntadeandalucia.es\/ieslaalgaida\/wp-json\/wp\/v2\/tags?post=3051"}],"curies":[{"name":"wp","href":"https:\/\/api.w.org\/{rel}","templated":true}]}}