{"id":3183,"date":"2018-11-09T09:36:01","date_gmt":"2018-11-09T09:36:01","guid":{"rendered":"https:\/\/blogsaverroes.juntadeandalucia.es\/ieslaalgaida\/?p=3183"},"modified":"2018-11-09T09:37:00","modified_gmt":"2018-11-09T09:37:00","slug":"nos-vamos-a-roma","status":"publish","type":"post","link":"https:\/\/blogsaverroes.juntadeandalucia.es\/ieslaalgaida\/nos-vamos-a-roma\/","title":{"rendered":"Nos vamos a Roma!"},"content":{"rendered":"<p>El pr\u00f3ximo martes 13 de noviembre a las 16:30 horas, se celebrar\u00e1 una reuni\u00f3n informativa para padres y madres de nuestro alumnado de 4\u00ba de ESO, con respecto al viaje de Fin de Etapa que este a\u00f1o tiene como destino Roma. En la reuni\u00f3n participar\u00e1 el representante de la Agencia de Viajes que organiza el proyecto. Os esperamos !<\/p>\n<p><a href=\"https:\/\/blogsaverroes.juntadeandalucia.es\/ieslaalgaida\/files\/2018\/11\/IMG_1638.jpg\">&nbsp; &nbsp; &nbsp; &nbsp; &nbsp; &nbsp; &nbsp; &nbsp; &nbsp; &nbsp; &nbsp; &nbsp;<img loading=\"lazy\" decoding=\"async\" class=\"alignnone size-medium wp-image-3182\" src=\"https:\/\/blogsaverroes.juntadeandalucia.es\/ieslaalgaida\/files\/2018\/11\/IMG_1638-300x174.jpg\" alt=\"\" width=\"300\" height=\"174\" srcset=\"https:\/\/blogsaverroes.juntadeandalucia.es\/ieslaalgaida\/files\/2018\/11\/IMG_1638-300x174.jpg 300w, https:\/\/blogsaverroes.juntadeandalucia.es\/ieslaalgaida\/files\/2018\/11\/IMG_1638-24x14.jpg 24w, https:\/\/blogsaverroes.juntadeandalucia.es\/ieslaalgaida\/files\/2018\/11\/IMG_1638-36x21.jpg 36w, https:\/\/blogsaverroes.juntadeandalucia.es\/ieslaalgaida\/files\/2018\/11\/IMG_1638-48x28.jpg 48w, https:\/\/blogsaverroes.juntadeandalucia.es\/ieslaalgaida\/files\/2018\/11\/IMG_1638.jpg 640w\" sizes=\"(max-width: 300px) 100vw, 300px\" \/><\/a><\/p>\n","protected":false},"excerpt":{"rendered":"<p>El pr\u00f3ximo martes 13 de noviembre a las 16:30 horas, se celebrar\u00e1 una reuni\u00f3n informativa para padres y madres de nuestro alumnado de 4\u00ba de ESO, con respecto al viaje de Fin de Etapa que este a\u00f1o tiene como destino Roma. En la reuni\u00f3n participar\u00e1 el representante de la Agencia de Viajes que organiza el &hellip; <\/p>\n<p class=\"link-more\"><a href=\"https:\/\/blogsaverroes.juntadeandalucia.es\/ieslaalgaida\/nos-vamos-a-roma\/\" class=\"more-link\">Continuar leyendo<span class=\"screen-reader-text\"> \u00abNos vamos a Roma!\u00bb<\/span><\/a><\/p>\n","protected":false},"author":4336,"featured_media":0,"comment_status":"open","ping_status":"open","sticky":false,"template":"","format":"standard","meta":{"ngg_post_thumbnail":0,"footnotes":""},"categories":[11909],"tags":[],"aioseo_notices":[],"_links":{"self":[{"href":"https:\/\/blogsaverroes.juntadeandalucia.es\/ieslaalgaida\/wp-json\/wp\/v2\/posts\/3183"}],"collection":[{"href":"https:\/\/blogsaverroes.juntadeandalucia.es\/ieslaalgaida\/wp-json\/wp\/v2\/posts"}],"about":[{"href":"https:\/\/blogsaverroes.juntadeandalucia.es\/ieslaalgaida\/wp-json\/wp\/v2\/types\/post"}],"author":[{"embeddable":true,"href":"https:\/\/blogsaverroes.juntadeandalucia.es\/ieslaalgaida\/wp-json\/wp\/v2\/users\/4336"}],"replies":[{"embeddable":true,"href":"https:\/\/blogsaverroes.juntadeandalucia.es\/ieslaalgaida\/wp-json\/wp\/v2\/comments?post=3183"}],"version-history":[{"count":2,"href":"https:\/\/blogsaverroes.juntadeandalucia.es\/ieslaalgaida\/wp-json\/wp\/v2\/posts\/3183\/revisions"}],"predecessor-version":[{"id":3185,"href":"https:\/\/blogsaverroes.juntadeandalucia.es\/ieslaalgaida\/wp-json\/wp\/v2\/posts\/3183\/revisions\/3185"}],"wp:attachment":[{"href":"https:\/\/blogsaverroes.juntadeandalucia.es\/ieslaalgaida\/wp-json\/wp\/v2\/media?parent=3183"}],"wp:term":[{"taxonomy":"category","embeddable":true,"href":"https:\/\/blogsaverroes.juntadeandalucia.es\/ieslaalgaida\/wp-json\/wp\/v2\/categories?post=3183"},{"taxonomy":"post_tag","embeddable":true,"href":"https:\/\/blogsaverroes.juntadeandalucia.es\/ieslaalgaida\/wp-json\/wp\/v2\/tags?post=3183"}],"curies":[{"name":"wp","href":"https:\/\/api.w.org\/{rel}","templated":true}]}}