{"id":3186,"date":"2018-11-09T09:43:46","date_gmt":"2018-11-09T09:43:46","guid":{"rendered":"https:\/\/blogsaverroes.juntadeandalucia.es\/ieslaalgaida\/?p=3186"},"modified":"2018-11-09T09:43:46","modified_gmt":"2018-11-09T09:43:46","slug":"elecciones-al-consejo-escolar","status":"publish","type":"post","link":"https:\/\/blogsaverroes.juntadeandalucia.es\/ieslaalgaida\/elecciones-al-consejo-escolar\/","title":{"rendered":"Elecciones al Consejo Escolar"},"content":{"rendered":"<p>El pr\u00f3ximo martes <strong>13 de noviembre<\/strong>, nuestro centro permanecer\u00e1 abierto de <strong>15:30 a 20:00 horas<\/strong> para que padres y madres puedan votar la composici\u00f3n del Consejo Escolar, un \u00f3rgano fundamental en el IES desde donde toda la <strong>Comunidad Educativa<\/strong>, aporta y toma decisiones que nos afectan a tod@s. Por este motivo es muy importante la participaci\u00f3n de <strong>nuestras familias<\/strong>. Os esperamos a todos! Gracias.&nbsp;<\/p>\n<p><a href=\"https:\/\/blogsaverroes.juntadeandalucia.es\/ieslaalgaida\/files\/2018\/11\/IMG_1639.jpg\">&nbsp; &nbsp; &nbsp; &nbsp; &nbsp; &nbsp; &nbsp; &nbsp; &nbsp; &nbsp; &nbsp;&nbsp;<img loading=\"lazy\" decoding=\"async\" class=\"alignnone size-medium wp-image-3187\" src=\"https:\/\/blogsaverroes.juntadeandalucia.es\/ieslaalgaida\/files\/2018\/11\/IMG_1639-300x171.jpg\" alt=\"\" width=\"300\" height=\"171\" srcset=\"https:\/\/blogsaverroes.juntadeandalucia.es\/ieslaalgaida\/files\/2018\/11\/IMG_1639-300x171.jpg 300w, https:\/\/blogsaverroes.juntadeandalucia.es\/ieslaalgaida\/files\/2018\/11\/IMG_1639-24x14.jpg 24w, https:\/\/blogsaverroes.juntadeandalucia.es\/ieslaalgaida\/files\/2018\/11\/IMG_1639-36x21.jpg 36w, https:\/\/blogsaverroes.juntadeandalucia.es\/ieslaalgaida\/files\/2018\/11\/IMG_1639-48x27.jpg 48w, https:\/\/blogsaverroes.juntadeandalucia.es\/ieslaalgaida\/files\/2018\/11\/IMG_1639.jpg 640w\" sizes=\"(max-width: 300px) 100vw, 300px\" \/><\/a><\/p>\n","protected":false},"excerpt":{"rendered":"<p>El pr\u00f3ximo martes 13 de noviembre, nuestro centro permanecer\u00e1 abierto de 15:30 a 20:00 horas para que padres y madres puedan votar la composici\u00f3n del Consejo Escolar, un \u00f3rgano fundamental en el IES desde donde toda la Comunidad Educativa, aporta y toma decisiones que nos afectan a tod@s. Por este motivo es muy importante la &hellip; <\/p>\n<p class=\"link-more\"><a href=\"https:\/\/blogsaverroes.juntadeandalucia.es\/ieslaalgaida\/elecciones-al-consejo-escolar\/\" class=\"more-link\">Continuar leyendo<span class=\"screen-reader-text\"> \u00abElecciones al Consejo Escolar\u00bb<\/span><\/a><\/p>\n","protected":false},"author":4336,"featured_media":0,"comment_status":"open","ping_status":"open","sticky":false,"template":"","format":"standard","meta":{"ngg_post_thumbnail":0,"footnotes":""},"categories":[11909],"tags":[],"aioseo_notices":[],"_links":{"self":[{"href":"https:\/\/blogsaverroes.juntadeandalucia.es\/ieslaalgaida\/wp-json\/wp\/v2\/posts\/3186"}],"collection":[{"href":"https:\/\/blogsaverroes.juntadeandalucia.es\/ieslaalgaida\/wp-json\/wp\/v2\/posts"}],"about":[{"href":"https:\/\/blogsaverroes.juntadeandalucia.es\/ieslaalgaida\/wp-json\/wp\/v2\/types\/post"}],"author":[{"embeddable":true,"href":"https:\/\/blogsaverroes.juntadeandalucia.es\/ieslaalgaida\/wp-json\/wp\/v2\/users\/4336"}],"replies":[{"embeddable":true,"href":"https:\/\/blogsaverroes.juntadeandalucia.es\/ieslaalgaida\/wp-json\/wp\/v2\/comments?post=3186"}],"version-history":[{"count":1,"href":"https:\/\/blogsaverroes.juntadeandalucia.es\/ieslaalgaida\/wp-json\/wp\/v2\/posts\/3186\/revisions"}],"predecessor-version":[{"id":3188,"href":"https:\/\/blogsaverroes.juntadeandalucia.es\/ieslaalgaida\/wp-json\/wp\/v2\/posts\/3186\/revisions\/3188"}],"wp:attachment":[{"href":"https:\/\/blogsaverroes.juntadeandalucia.es\/ieslaalgaida\/wp-json\/wp\/v2\/media?parent=3186"}],"wp:term":[{"taxonomy":"category","embeddable":true,"href":"https:\/\/blogsaverroes.juntadeandalucia.es\/ieslaalgaida\/wp-json\/wp\/v2\/categories?post=3186"},{"taxonomy":"post_tag","embeddable":true,"href":"https:\/\/blogsaverroes.juntadeandalucia.es\/ieslaalgaida\/wp-json\/wp\/v2\/tags?post=3186"}],"curies":[{"name":"wp","href":"https:\/\/api.w.org\/{rel}","templated":true}]}}