{"id":3482,"date":"2020-02-10T11:00:04","date_gmt":"2020-02-10T11:00:04","guid":{"rendered":"https:\/\/blogsaverroes.juntadeandalucia.es\/ieslaalgaida\/?p=3482"},"modified":"2020-02-10T11:00:04","modified_gmt":"2020-02-10T11:00:04","slug":"sin-habitacion-propia","status":"publish","type":"post","link":"https:\/\/blogsaverroes.juntadeandalucia.es\/ieslaalgaida\/sin-habitacion-propia\/","title":{"rendered":"SIN HABITACI\u00d3N PROPIA."},"content":{"rendered":"<p>Esta semana nuestra biblioteca acoge la exposici\u00f3n\u00bb Sin habitaci\u00f3n propia\u00bb, que toma como punto de partida la obra hom\u00f3nima de la escritora Carmen Moreno, donde presenta una selecci\u00f3n de diecis\u00e9is mujeres que transitan el mundo de la poes\u00eda.<br \/>\nComo explica su autora: \u00abSin habitaci\u00f3n propia es una llamada a hacer justicia, a reivindicar a aquellas escritoras, en este caso poetas, que pelearon por obtener su lugar en el mundo, haciendo caso omiso a las ataduras sociales y b\u00e1sicamente masculinas. Un homenaje a 16 poetas que acabaron quit\u00e1ndose la vida, ahogadas por la falta de libertad o por la enfermedad\u00bb.<\/p>\n<p>VER <a href=\"https:\/\/www.facebook.com\/991765654295006\/photos\/pcb.1631548256983406\/1631547730316792\/?type=3&amp;theater\">IM\u00c1GENES<\/a><\/p>\n","protected":false},"excerpt":{"rendered":"<p>Esta semana nuestra biblioteca acoge la exposici\u00f3n\u00bb Sin habitaci\u00f3n propia\u00bb, que toma como punto de partida la obra hom\u00f3nima de la escritora Carmen Moreno, donde presenta una selecci\u00f3n de diecis\u00e9is mujeres que transitan el mundo de la poes\u00eda. Como explica su autora: \u00abSin habitaci\u00f3n propia es una llamada a hacer justicia, a reivindicar a aquellas &hellip; <\/p>\n<p class=\"link-more\"><a href=\"https:\/\/blogsaverroes.juntadeandalucia.es\/ieslaalgaida\/sin-habitacion-propia\/\" class=\"more-link\">Continuar leyendo<span class=\"screen-reader-text\"> \u00abSIN HABITACI\u00d3N PROPIA.\u00bb<\/span><\/a><\/p>\n","protected":false},"author":4336,"featured_media":0,"comment_status":"open","ping_status":"open","sticky":false,"template":"","format":"standard","meta":{"ngg_post_thumbnail":0,"footnotes":""},"categories":[11909],"tags":[],"aioseo_notices":[],"_links":{"self":[{"href":"https:\/\/blogsaverroes.juntadeandalucia.es\/ieslaalgaida\/wp-json\/wp\/v2\/posts\/3482"}],"collection":[{"href":"https:\/\/blogsaverroes.juntadeandalucia.es\/ieslaalgaida\/wp-json\/wp\/v2\/posts"}],"about":[{"href":"https:\/\/blogsaverroes.juntadeandalucia.es\/ieslaalgaida\/wp-json\/wp\/v2\/types\/post"}],"author":[{"embeddable":true,"href":"https:\/\/blogsaverroes.juntadeandalucia.es\/ieslaalgaida\/wp-json\/wp\/v2\/users\/4336"}],"replies":[{"embeddable":true,"href":"https:\/\/blogsaverroes.juntadeandalucia.es\/ieslaalgaida\/wp-json\/wp\/v2\/comments?post=3482"}],"version-history":[{"count":2,"href":"https:\/\/blogsaverroes.juntadeandalucia.es\/ieslaalgaida\/wp-json\/wp\/v2\/posts\/3482\/revisions"}],"predecessor-version":[{"id":3484,"href":"https:\/\/blogsaverroes.juntadeandalucia.es\/ieslaalgaida\/wp-json\/wp\/v2\/posts\/3482\/revisions\/3484"}],"wp:attachment":[{"href":"https:\/\/blogsaverroes.juntadeandalucia.es\/ieslaalgaida\/wp-json\/wp\/v2\/media?parent=3482"}],"wp:term":[{"taxonomy":"category","embeddable":true,"href":"https:\/\/blogsaverroes.juntadeandalucia.es\/ieslaalgaida\/wp-json\/wp\/v2\/categories?post=3482"},{"taxonomy":"post_tag","embeddable":true,"href":"https:\/\/blogsaverroes.juntadeandalucia.es\/ieslaalgaida\/wp-json\/wp\/v2\/tags?post=3482"}],"curies":[{"name":"wp","href":"https:\/\/api.w.org\/{rel}","templated":true}]}}