{"id":3514,"date":"2020-03-17T19:56:19","date_gmt":"2020-03-17T19:56:19","guid":{"rendered":"https:\/\/blogsaverroes.juntadeandalucia.es\/ieslaalgaida\/?p=3514"},"modified":"2020-03-17T20:00:36","modified_gmt":"2020-03-17T20:00:36","slug":"acceso-a-admision-en-centros-docentes","status":"publish","type":"post","link":"https:\/\/blogsaverroes.juntadeandalucia.es\/ieslaalgaida\/acceso-a-admision-en-centros-docentes\/","title":{"rendered":"ACCESO A ADMISI\u00d3N EN CENTROS DOCENTES"},"content":{"rendered":"<p>&nbsp;<\/p>\n<p>En base al Real Decreto 463\/2020, de 14 de marzo, por el que se declara el estado de alarma frente a la crisis sanitaria ocasionada por el COVID-19, los centros permanecer\u00e1n clausurados desde el lunes 16 de marzo de 2020 hasta el 27 del mismo , en principio .<br \/>\nEllo supone que la \u00fanica v\u00eda para reservar plaza es iEscolariza, la aplicaci\u00f3n que ha habilitado la Junta de Andaluc\u00eda a tales efectos .<\/p>\n<p>Aqu\u00ed os dejamos el enlace para la presentaci\u00f3n telem\u00e1tica de admisi\u00f3n del alum<span class=\"text_exposed_show\">nado, adem\u00e1s adjuntamos dos enlaces App para llevar a cabo esta gesti\u00f3n ;<\/span><\/p>\n<div class=\"text_exposed_show\">\n<p>Para dispositivos Android ;<\/p>\n<p><a href=\"https:\/\/play.google.com\/store\/apps\/details?id=es.juntadeandalucia.ced.escolarizacion&amp;hl=es&amp;fbclid=IwAR36GNTzXqWw73b7ae79uyhoWJB5o98mPW7j6RU_INKSEnQAMQmAzt1p1Bo\" target=\"_blank\" rel=\"noopener nofollow noreferrer\" data-ft=\"{&quot;tn&quot;:&quot;-U&quot;}\" data-lynx-mode=\"async\" data-lynx-uri=\"https:\/\/l.facebook.com\/l.php?u=https%3A%2F%2Fplay.google.com%2Fstore%2Fapps%2Fdetails%3Fid%3Des.juntadeandalucia.ced.escolarizacion%26hl%3Des%26fbclid%3DIwAR36GNTzXqWw73b7ae79uyhoWJB5o98mPW7j6RU_INKSEnQAMQmAzt1p1Bo&amp;h=AT0vnp4CNgq8yNDwmRNrnrOi854ZpQbfBsTlIUVY3DdNXPgFAflm3GSxbPoPeqXegw-k-fxd25eFRcHlCMuI_bDyrpCZDGNq09nOIxdKqpBNJctQ_EUq_zAc4MzNzCCjYWvRYtUg_h8hOzEezYm3NgbudGqsgAZ0yFUPh6MLyR7ABXOP7odjQx2DfKSEVMNyB84_FXAGHLOP-oOL8JwsYPgCXJ0bl2Jy_sz7Hea6hDnHvZBpZLNVn4eQuthfc46fcQr48Lq8m-7fHaBUhmEL7uOngxarSLThb7BE6sMlCAE-ZoP6koF6XV3Et6XE7sKFJlpg_MGIJZF49JsxitsQys86ho533zSKQOHXMuGxwxkKwn7TzRe6c5Gmw01RkJDmddXbdgaOa09-0gSK6DoSTkydKXxSdUMj5GhMGJkUvZ7Cj1Yg9Ogs4HCiIIILuxhwEZjfzSmdz60NDYouoKdxMmArKIg383c-8g_I-tko9nXLGGnBPMJcxBenA1wgHS6HHYpPzDBMtaLSZH9NkwupxpmQCvyD01Kk4fQS6QxQKdZKy5jp4ubSbwd0DBRR8taKP2mh9YiVZn3a2mdQ6HaWYPJgijj8KFsbqVGjpqIKfBfwWh58-UI8F0NRLOWsSlhmzADJYg\">https:\/\/play.google.com\/store\/apps\/details\u2026<\/a><\/p>\n<p>Para dispositivos Apple ;<\/p>\n<p><a href=\"https:\/\/l.facebook.com\/l.php?u=https%3A%2F%2Fapps.apple.com%2Fes%2Fapp%2Fiescolariza%2Fid606516551%3Ffbclid%3DIwAR1xaXlYE5yRkUyRmKXAmB_8fUzFuElBPZy_sKIvZql7HqnqiVjBOr7bpSk&amp;h=AT2DJma_CQhiRupoOfy3argci00HIxPYYevnnpqXYEKG7J_yW0Jloe0D6PtNHQbZtJ7sM9sP-0_aUybiLV1VZrKS7XTH67bwex5aZaocB1jFQmK9PEKKDEbYVEf-9AL1uRsUpMSpZO5Q6o5R9yxE_Qq4BKWF_kdvfc_n6FH1bZb7oTq46vqtJjhDGoQe18Nclvqt0jdqedxBGeA6uo2SPFdpRUdxdZJtZ0ag9Pr6IneGN64wGCOVerkY0CwocX_K5bzmPQUa5Wb1qx97LO3tKzOnlFtlR2essWQTtv_KJP8baw9kyzXIXk2C6GxESFrb3EeaOlGOgzmsvrwWdJVXR6fRnIRTeY-V8_8vxqlxvHpJfXmVepFN5OfnhxZqpSl8xcaI1xeR0iqRqpVoCLwQwulSKUO55t2cRN6lqlur3fPgSl0IT6zVdtiLUCw2OJgwWcil_BonIdvYgFV3cnHl8bamfepXVHLaA126XtzUY83CUaig1GlsVdNyFioziW0GnzfjOMEUZhntp4arSDiK7HDmClczlL6TKVxWTWbBMGewS_geB_CwkNdFOHn7BryBbZKTVzH-DkcRcVX0_9OsRVRRs8mUFP-4MoqE3s4ie-mvU45xBrz4q8tiPbFDdTKiUuz9CQ\" target=\"_blank\" rel=\"noopener nofollow noreferrer\" data-ft=\"{&quot;tn&quot;:&quot;-U&quot;}\" data-lynx-mode=\"async\">https:\/\/apps.apple.com\/es\/app\/iescolariza\/id606516551<\/a><\/p>\n<\/div>\n<p><a href=\"https:\/\/www.juntadeandalucia.es\/educacion\/secretariavirtual\/accesoTramite\/439\/\"><img loading=\"lazy\" decoding=\"async\" class=\"aligncenter wp-image-3515 \" src=\"https:\/\/blogsaverroes.juntadeandalucia.es\/ieslaalgaida\/files\/2020\/03\/SECRETAR\u00cdA-VIRTUAL.png\" alt=\"\" width=\"509\" height=\"142\" srcset=\"https:\/\/blogsaverroes.juntadeandalucia.es\/ieslaalgaida\/files\/2020\/03\/SECRETAR\u00cdA-VIRTUAL.png 348w, https:\/\/blogsaverroes.juntadeandalucia.es\/ieslaalgaida\/files\/2020\/03\/SECRETAR\u00cdA-VIRTUAL-300x84.png 300w, https:\/\/blogsaverroes.juntadeandalucia.es\/ieslaalgaida\/files\/2020\/03\/SECRETAR\u00cdA-VIRTUAL-24x7.png 24w, https:\/\/blogsaverroes.juntadeandalucia.es\/ieslaalgaida\/files\/2020\/03\/SECRETAR\u00cdA-VIRTUAL-36x10.png 36w, https:\/\/blogsaverroes.juntadeandalucia.es\/ieslaalgaida\/files\/2020\/03\/SECRETAR\u00cdA-VIRTUAL-48x13.png 48w\" sizes=\"(max-width: 509px) 100vw, 509px\" \/><\/a><\/p>\n","protected":false},"excerpt":{"rendered":"<p>&nbsp; En base al Real Decreto 463\/2020, de 14 de marzo, por el que se declara el estado de alarma frente a la crisis sanitaria ocasionada por el COVID-19, los centros permanecer\u00e1n clausurados desde el lunes 16 de marzo de 2020 hasta el 27 del mismo , en principio . Ello supone que la \u00fanica &hellip; <\/p>\n<p class=\"link-more\"><a href=\"https:\/\/blogsaverroes.juntadeandalucia.es\/ieslaalgaida\/acceso-a-admision-en-centros-docentes\/\" class=\"more-link\">Continuar leyendo<span class=\"screen-reader-text\"> \u00abACCESO A ADMISI\u00d3N EN CENTROS DOCENTES\u00bb<\/span><\/a><\/p>\n","protected":false},"author":4336,"featured_media":0,"comment_status":"open","ping_status":"open","sticky":false,"template":"","format":"standard","meta":{"ngg_post_thumbnail":0,"footnotes":""},"categories":[11909],"tags":[],"aioseo_notices":[],"_links":{"self":[{"href":"https:\/\/blogsaverroes.juntadeandalucia.es\/ieslaalgaida\/wp-json\/wp\/v2\/posts\/3514"}],"collection":[{"href":"https:\/\/blogsaverroes.juntadeandalucia.es\/ieslaalgaida\/wp-json\/wp\/v2\/posts"}],"about":[{"href":"https:\/\/blogsaverroes.juntadeandalucia.es\/ieslaalgaida\/wp-json\/wp\/v2\/types\/post"}],"author":[{"embeddable":true,"href":"https:\/\/blogsaverroes.juntadeandalucia.es\/ieslaalgaida\/wp-json\/wp\/v2\/users\/4336"}],"replies":[{"embeddable":true,"href":"https:\/\/blogsaverroes.juntadeandalucia.es\/ieslaalgaida\/wp-json\/wp\/v2\/comments?post=3514"}],"version-history":[{"count":2,"href":"https:\/\/blogsaverroes.juntadeandalucia.es\/ieslaalgaida\/wp-json\/wp\/v2\/posts\/3514\/revisions"}],"predecessor-version":[{"id":3517,"href":"https:\/\/blogsaverroes.juntadeandalucia.es\/ieslaalgaida\/wp-json\/wp\/v2\/posts\/3514\/revisions\/3517"}],"wp:attachment":[{"href":"https:\/\/blogsaverroes.juntadeandalucia.es\/ieslaalgaida\/wp-json\/wp\/v2\/media?parent=3514"}],"wp:term":[{"taxonomy":"category","embeddable":true,"href":"https:\/\/blogsaverroes.juntadeandalucia.es\/ieslaalgaida\/wp-json\/wp\/v2\/categories?post=3514"},{"taxonomy":"post_tag","embeddable":true,"href":"https:\/\/blogsaverroes.juntadeandalucia.es\/ieslaalgaida\/wp-json\/wp\/v2\/tags?post=3514"}],"curies":[{"name":"wp","href":"https:\/\/api.w.org\/{rel}","templated":true}]}}