{"id":3669,"date":"2020-06-02T11:15:55","date_gmt":"2020-06-02T11:15:55","guid":{"rendered":"https:\/\/blogsaverroes.juntadeandalucia.es\/ieslaalgaida\/?p=3669"},"modified":"2020-06-02T11:26:30","modified_gmt":"2020-06-02T11:26:30","slug":"ciclos-formativos-de-grado-medio","status":"publish","type":"post","link":"https:\/\/blogsaverroes.juntadeandalucia.es\/ieslaalgaida\/ciclos-formativos-de-grado-medio\/","title":{"rendered":"CICLOS FORMATIVOS DE GRADO MEDIO"},"content":{"rendered":"<p>Se acerca el momento de tomar decisiones. Desde el Departamento de Orientaci\u00f3n queremos ofreceros este material para ayudaros en la elecci\u00f3n. Dentro podr\u00e9is consultar los distintos Ciclos Formativos de Grado Medio, organizados por familia profesional. Pinchando dentro de los cuadros se abrir\u00e1 una ventana con los distintos Ciclos que est\u00e1n enlazados con informaci\u00f3n sobre cada uno de ellos. Trabajamos en la distancia para seguir estando cerca vuestra.<\/p>\n<p>&nbsp;<\/p>\n<p><a href=\"https:\/\/view.genial.ly\/5ece3e177cb9bd0d951ab669\/horizontal-infographic-review-cfgm\"><img loading=\"lazy\" decoding=\"async\" class=\"aligncenter wp-image-3670 size-large\" src=\"https:\/\/blogsaverroes.juntadeandalucia.es\/ieslaalgaida\/files\/2020\/06\/FACEo-1024x474.png\" alt=\"\" width=\"589\" height=\"273\" srcset=\"https:\/\/blogsaverroes.juntadeandalucia.es\/ieslaalgaida\/files\/2020\/06\/FACEo-1024x474.png 1024w, https:\/\/blogsaverroes.juntadeandalucia.es\/ieslaalgaida\/files\/2020\/06\/FACEo-300x139.png 300w, https:\/\/blogsaverroes.juntadeandalucia.es\/ieslaalgaida\/files\/2020\/06\/FACEo-768x356.png 768w, https:\/\/blogsaverroes.juntadeandalucia.es\/ieslaalgaida\/files\/2020\/06\/FACEo-24x11.png 24w, https:\/\/blogsaverroes.juntadeandalucia.es\/ieslaalgaida\/files\/2020\/06\/FACEo-36x17.png 36w, https:\/\/blogsaverroes.juntadeandalucia.es\/ieslaalgaida\/files\/2020\/06\/FACEo-48x22.png 48w, https:\/\/blogsaverroes.juntadeandalucia.es\/ieslaalgaida\/files\/2020\/06\/FACEo.png 1172w\" sizes=\"(max-width: 589px) 100vw, 589px\" \/><\/a><\/p>\n<p>&nbsp;<\/p>\n<p>&nbsp;<\/p>\n","protected":false},"excerpt":{"rendered":"<p>Se acerca el momento de tomar decisiones. Desde el Departamento de Orientaci\u00f3n queremos ofreceros este material para ayudaros en la elecci\u00f3n. Dentro podr\u00e9is consultar los distintos Ciclos Formativos de Grado Medio, organizados por familia profesional. Pinchando dentro de los cuadros se abrir\u00e1 una ventana con los distintos Ciclos que est\u00e1n enlazados con informaci\u00f3n sobre cada &hellip; <\/p>\n<p class=\"link-more\"><a href=\"https:\/\/blogsaverroes.juntadeandalucia.es\/ieslaalgaida\/ciclos-formativos-de-grado-medio\/\" class=\"more-link\">Continuar leyendo<span class=\"screen-reader-text\"> \u00abCICLOS FORMATIVOS DE GRADO MEDIO\u00bb<\/span><\/a><\/p>\n","protected":false},"author":4336,"featured_media":0,"comment_status":"open","ping_status":"open","sticky":false,"template":"","format":"standard","meta":{"ngg_post_thumbnail":0,"footnotes":""},"categories":[11909],"tags":[],"aioseo_notices":[],"_links":{"self":[{"href":"https:\/\/blogsaverroes.juntadeandalucia.es\/ieslaalgaida\/wp-json\/wp\/v2\/posts\/3669"}],"collection":[{"href":"https:\/\/blogsaverroes.juntadeandalucia.es\/ieslaalgaida\/wp-json\/wp\/v2\/posts"}],"about":[{"href":"https:\/\/blogsaverroes.juntadeandalucia.es\/ieslaalgaida\/wp-json\/wp\/v2\/types\/post"}],"author":[{"embeddable":true,"href":"https:\/\/blogsaverroes.juntadeandalucia.es\/ieslaalgaida\/wp-json\/wp\/v2\/users\/4336"}],"replies":[{"embeddable":true,"href":"https:\/\/blogsaverroes.juntadeandalucia.es\/ieslaalgaida\/wp-json\/wp\/v2\/comments?post=3669"}],"version-history":[{"count":2,"href":"https:\/\/blogsaverroes.juntadeandalucia.es\/ieslaalgaida\/wp-json\/wp\/v2\/posts\/3669\/revisions"}],"predecessor-version":[{"id":3672,"href":"https:\/\/blogsaverroes.juntadeandalucia.es\/ieslaalgaida\/wp-json\/wp\/v2\/posts\/3669\/revisions\/3672"}],"wp:attachment":[{"href":"https:\/\/blogsaverroes.juntadeandalucia.es\/ieslaalgaida\/wp-json\/wp\/v2\/media?parent=3669"}],"wp:term":[{"taxonomy":"category","embeddable":true,"href":"https:\/\/blogsaverroes.juntadeandalucia.es\/ieslaalgaida\/wp-json\/wp\/v2\/categories?post=3669"},{"taxonomy":"post_tag","embeddable":true,"href":"https:\/\/blogsaverroes.juntadeandalucia.es\/ieslaalgaida\/wp-json\/wp\/v2\/tags?post=3669"}],"curies":[{"name":"wp","href":"https:\/\/api.w.org\/{rel}","templated":true}]}}